{"Signatur": "VD_TC_031", "Spider": "VD_Omni", "Sprache": "fr", "Datum": "2015-07-30", "HTML": {"Datei": "VD_Omni/VD_TC_031_AC-2014-0344_2015-07-30.html", "URL": "http://www.jurisprudence.vd.ch/scripts/nph-omniscgi.exe?OmnisPlatform=WINDOWS&WebServerUrl=&WebServerScript=/scripts/nph-omniscgi.exe&OmnisLibrary=JURISWEB&OmnisClass=rtFindinfoWebHtmlService&OmnisServer=7001&Parametername=WWW_V4&Schema=VD_TA_WEB&Source=search.fiw&Aufruf=getMarkupDocument&cSprache=FRE&nF30_KEY=171870&W10_KEY=10550255&nTrefferzeile=48&Template=search/standard/results/document.fiw", "Checksum": "f42d8b325ba63902fcdcf5f20594a2ed"}, "Scrapedate": "2023-01-01", "Num": ["AC.2014.0344"], "Kopfzeile": [{"Sprachen": ["fr", "de", "it"], "Text": "Vaud Tribunal cantonal Cour de droit administratif et public 30.07.2015 AC.2014.0344"}], "Meta": [{"Sprachen": ["de"], "Text": "Waadt  Cour de droit administratif et public"}, {"Sprachen": ["fr"], "Text": "Vaud Tribunal cantonal Cour de droit administratif et public"}, {"Sprachen": ["it"], "Text": "Vaud  Cour de droit administratif et public"}], "Abstract": [{"Sprachen": ["de", "fr", "it"], "Text": "FORESTIER, AMADIS SA/Municipalit\u00e9 de Chardonne | Confirmation de la d\u00e9cision de la Municipalit\u00e9 de Chardonne refusant de r\u00e9gulariser des murs de sout\u00e8nement constitu\u00e9s par empilement de gros blocs non jointoy\u00e9s en pierre de Fayaux (jaune et grise) alors qu'une pr\u00e9c\u00e9dente d\u00e9cision exigeait des murs de \"type vigne\" en pierres grises jointoy\u00e9es. Le constructeur ne peut pas se pr\u00e9valoir de l'accord oral d'un conseiller municipal alors qu'il n'a pas, conform\u00e9ment \u00e0 la proc\u00e9dure impos\u00e9e par le RPGA (qui lui a \u00e9t\u00e9 rappel\u00e9e \u00e0 plusieurs reprises), soumis un \u00e9chantillon des pierres \u00e0 la municipalit\u00e9 ni obtenu son accord. L'exigence de murs de \"type vigne\" peut se fonder sur la clause g\u00e9n\u00e9rale d'esth\u00e9tique et le \"Guide architectural 2012 de Lavaux\". Le constructeur n'\u00e9tablit pas que cette exigence serait disproportionn\u00e9e. Recours au Tribunal f\u00e9d\u00e9ral retir\u00e9 suite \u00e0 la r\u00e9vocation de la d\u00e9cision de remise en \u00e9tat (1C_428/2015 du 14 novembre 2016)."}], "ScrapyJob": "446973/40/2238", "Zeit UTC": "10.04.2026 22:41:54", "Checksum": "ad74480de62bbd8c8c3ed7ecfd8b9dd9"}