{"Signatur": "VD_TC_031", "Spider": "VD_Omni", "Sprache": "fr", "Datum": "2015-11-03", "HTML": {"Datei": "VD_Omni/VD_TC_031_AC-2014-0417_2015-11-03.html", "URL": "http://www.jurisprudence.vd.ch/scripts/nph-omniscgi.exe?OmnisPlatform=WINDOWS&WebServerUrl=&WebServerScript=/scripts/nph-omniscgi.exe&OmnisLibrary=JURISWEB&OmnisClass=rtFindinfoWebHtmlService&OmnisServer=7001&Parametername=WWW_V4&Schema=VD_TA_WEB&Source=search.fiw&Aufruf=getMarkupDocument&cSprache=FRE&nF30_KEY=172290&W10_KEY=10550255&nTrefferzeile=16&Template=search/standard/results/document.fiw", "Checksum": "4c7bb60c28815d4cd25db3cbce3bc073"}, "Scrapedate": "2026-04-10", "Num": ["AC.2014.0417"], "Kopfzeile": [{"Sprachen": ["fr", "de", "it"], "Text": "Vaud Tribunal cantonal Cour de droit administratif et public 03.11.2015 AC.2014.0417"}], "Meta": [{"Sprachen": ["de"], "Text": "Waadt  Cour de droit administratif et public"}, {"Sprachen": ["fr"], "Text": "Vaud Tribunal cantonal Cour de droit administratif et public"}, {"Sprachen": ["it"], "Text": "Vaud  Cour de droit administratif et public"}], "Abstract": [{"Sprachen": ["de", "fr", "it"], "Text": "CROUSAZ, MASSON, GRAF, BLEIKOLM, BAENI, FONTOLLIET/Municipalit\u00e9 d'Ecublens, Communaut\u00e9 h\u00e9r\u00e9ditaire IFF Mich\u00e8le et Claude, Service Immeubles, Patrimoine et Logistique | Constat que, \u00e0 la sortie du parking souterrain, certaines des distances de visibilit\u00e9 pr\u00e9conis\u00e9es par les normes VSS 640050 et 640.273a ne sont a priori pas respect\u00e9es. Question de savoir si le grief relatif \u00e0 la s\u00e9curit\u00e9 des usagers de la rue sur laquelle d\u00e9bouche le garage est laiss\u00e9e ouverte d\u00e8s lors que le permis de construire doit \u00eatre annul\u00e9 pour un autre motif. A priori, la distance minimale pr\u00e9vue par l'art. 7 RLRou par rapport au bord de la chauss\u00e9e n'est \u00e9galement pas respect\u00e9e. Question laiss\u00e9e ouverte (consid. 9). L'exigence pos\u00e9e par le r\u00e8glement communal selon laquelle les ouvertures en toiture doivent \u00eatre r\u00e9duites au minimum fix\u00e9 par les exigences de salubrit\u00e9 n'est pas respect\u00e9e (consid. 11). L'exigence selon laquelle l'esp\u00e8ce des arbres \u00e0 planter doit \u00eatre indiqu\u00e9e n'est pas respect\u00e9e (consid. 12)."}], "ScrapyJob": "446973/40/2238", "Zeit UTC": "10.04.2026 22:38:02", "Checksum": "4b0183badee27b0e97622493b1a5fd7e"}