{"Signatur": "VD_TC_031", "Spider": "VD_Omni", "Sprache": "fr", "Datum": "2016-10-24", "HTML": {"Datei": "VD_Omni/VD_TC_031_AC-2014-0426_2016-10-24.html", "URL": "http://www.jurisprudence.vd.ch/scripts/nph-omniscgi.exe?OmnisPlatform=WINDOWS&WebServerUrl=&WebServerScript=/scripts/nph-omniscgi.exe&OmnisLibrary=JURISWEB&OmnisClass=rtFindinfoWebHtmlService&OmnisServer=7001&Parametername=WWW_V4&Schema=VD_TA_WEB&Source=search.fiw&Aufruf=getMarkupDocument&cSprache=FRE&nF30_KEY=173831&W10_KEY=10550255&nTrefferzeile=28&Template=search/standard/results/document.fiw", "Checksum": "049d8c83335dd768aa942f3b9fe206a1"}, "Scrapedate": "2023-01-01", "Num": ["AC.2014.0426"], "Kopfzeile": [{"Sprachen": ["fr", "de", "it"], "Text": "Vaud Tribunal cantonal Cour de droit administratif et public 24.10.2016 AC.2014.0426"}], "Meta": [{"Sprachen": ["de"], "Text": "Waadt  Cour de droit administratif et public"}, {"Sprachen": ["fr"], "Text": "Vaud Tribunal cantonal Cour de droit administratif et public"}, {"Sprachen": ["it"], "Text": "Vaud  Cour de droit administratif et public"}], "Abstract": [{"Sprachen": ["de", "fr", "it"], "Text": "SI des Montenailles SA/D\u00e9partement du territoire et de l\u2019environnement (DTE), Conseil communal du Mont-sur-Lausanne, ccl du Syndicat AF Le Mont-sur-Lausanne, ccl du Syndicat AF Le Mont-sur-Lausanne | Situation des plans de quartier pr\u00e9vus par le plan g\u00e9n\u00e9ral d'affectation du Mont-sur-Lausanne de 1993 en vue de l'attribution des terrains concern\u00e9s comme zone \u00e0 b\u00e2tir dans le nouvel \u00e9tat de propri\u00e9t\u00e9 du syndicat d'am\u00e9liorations fonci\u00e8res \u00e0 p\u00e9r\u00e9quation r\u00e9elle. Les onze plans de quartier ont \u00e9t\u00e9 adopt\u00e9s en 2006. Le plan de quartier Montenailles, annul\u00e9 \u00e0 l'\u00e9poque pour des motifs sans rapport avec l'am\u00e9nagement du territoire (violation de l'obligation de coordonner le plan avec le nouvel \u00e9tat de propri\u00e9t\u00e9 du syndicat) et adopt\u00e9 les 30 juin/13 novembre 2014 par l'autorit\u00e9 communale et cantonale, ne constitue pas une augmentation de la zone \u00e0 b\u00e2tir prohib\u00e9e par le nouvel art. 38a LAT en vigueur depuis le 1er mai 2014.\rRecours rejet\u00e9 par le Tribunal f\u00e9d\u00e9ral (1C_550/2016 du 15 janvier 2018)."}], "ScrapyJob": "446973/40/2238", "Zeit UTC": "10.04.2026 22:19:26", "Checksum": "ef2a0ff7872583a5aa63e69701babe66"}