{"Signatur": "VD_TC_031", "Spider": "VD_Omni", "Sprache": "fr", "Datum": "2016-08-17", "HTML": {"Datei": "VD_Omni/VD_TC_031_AC-2015-0218_2016-08-17.html", "URL": "http://www.jurisprudence.vd.ch/scripts/nph-omniscgi.exe?OmnisPlatform=WINDOWS&WebServerUrl=&WebServerScript=/scripts/nph-omniscgi.exe&OmnisLibrary=JURISWEB&OmnisClass=rtFindinfoWebHtmlService&OmnisServer=7001&Parametername=WWW_V4&Schema=VD_TA_WEB&Source=search.fiw&Aufruf=getMarkupDocument&cSprache=FRE&nF30_KEY=173624&W10_KEY=10550255&nTrefferzeile=28&Template=search/standard/results/document.fiw", "Checksum": "83f6756000d50c3481d5018e73dd232a"}, "Scrapedate": "2023-01-01", "Num": ["AC.2015.0218"], "Kopfzeile": [{"Sprachen": ["fr", "de", "it"], "Text": "Vaud Tribunal cantonal Cour de droit administratif et public 17.08.2016 AC.2015.0218"}], "Meta": [{"Sprachen": ["de"], "Text": "Waadt  Cour de droit administratif et public"}, {"Sprachen": ["fr"], "Text": "Vaud Tribunal cantonal Cour de droit administratif et public"}, {"Sprachen": ["it"], "Text": "Vaud  Cour de droit administratif et public"}], "Abstract": [{"Sprachen": ["de", "fr", "it"], "Text": "BARILIER, HERBEZ, BOUREZAK, KUNG, SCHNEIDER, MOREROD, THEVOZ, SWEE, GOTTRAUX, MARCUARD, VIOLI, PURRO, VACHERON, ANKER, HOCH, PASTERIS, FRANCO c/D\u00e9partement du territoire et de l\u2019environnement (DTE), Conseil | Plan de quartier (\"Aux Invuardes\") existant portant sur une surface de 22'463 m2 avec un CUS de 0,35 et un COS de 0,19. Plan de quartier comprenant notamment la parcelle 2015 de Payerne, d'une surface de 10'377 m2. Approbation d'un nouveau plan de quartier (\"Aux Invuardes\"II) ne portant que sur la parcelle 2015, soit la partie du plan de quartier initial qui n'a pas \u00e9t\u00e9 d\u00e9velopp\u00e9e. IUS maximum de 0,6  permettant la r\u00e9alisation sur cette parcelle d'environ 60 logements destin\u00e9s \u00e0 accueillir 120 \u00e0 160 habitants. Acc\u00e8s pr\u00e9vu au Sud de la parcelle par la rue Jolimont. Le grief selon lequel la pes\u00e9e d'int\u00e9r\u00eats n'aurait pas \u00e9t\u00e9 effectu\u00e9e \u00e0 l'\u00e9chelle pertinente vu les dimensions de la parcelle n'est pas fond\u00e9 (consid. 2). Les motifs pour lesquels l'acc\u00e8s par le Nord pr\u00e9conis\u00e9 par les recourants a \u00e9t\u00e9 \u00e9cart\u00e9 ne sont pas convaincants (sous r\u00e9serve du respect de l'art. 32 al. 2 LR). Cela \u00e9tant, dans le cadre de sa libert\u00e9 d'appr\u00e9ciation, l'autorit\u00e9 cantonale pouvait \u00e9galement choisir l'acc\u00e8s Sud par la rue Jolimont, acc\u00e8s qui convient \u00e9galement et ne soul\u00e8ve pas de probl\u00e8me particulier, notamment au niveau de la s\u00e9curit\u00e9. Pas de n\u00e9cessit\u00e9 de r\u00e9aliser un trottoir ou une place de rebroussement (consid. 3). En d\u00e9terminant l'affectation, l'IUS, la hauteur maximale, le nombre maximal d'\u00e9tages, des mesures de protection du paysage, des distances entre b\u00e2timents, la localisation des acc\u00e8s motoris\u00e9s et des prescriptions sur la coh\u00e9rence architecturale, le r\u00e8glement du PQ fixe des conditions d\u00e9taill\u00e9es d'urbanisme et de construction au sens de l'art. 64 al. 1 LATC. Rejet du grief relatif \u00e0 l'insuffisance de la densit\u00e9 normative  (consid. 4)."}], "ScrapyJob": "446973/40/2238", "Zeit UTC": "10.04.2026 22:24:09", "Checksum": "b629bdda155e588c429b38f7d60fa9b1"}