{"Signatur": "VD_TC_031", "Spider": "VD_Omni", "Sprache": "fr", "Datum": "2018-01-17", "HTML": {"Datei": "VD_Omni/VD_TC_031_AC-2015-0225_2018-01-17.html", "URL": "http://www.jurisprudence.vd.ch/scripts/nph-omniscgi.exe?OmnisPlatform=WINDOWS&WebServerUrl=&WebServerScript=/scripts/nph-omniscgi.exe&OmnisLibrary=JURISWEB&OmnisClass=rtFindinfoWebHtmlService&OmnisServer=7001&Parametername=WWW_V4&Schema=VD_TA_WEB&Source=search.fiw&Aufruf=getMarkupDocument&cSprache=FRE&nF30_KEY=176324&W10_KEY=10550255&nTrefferzeile=44&Template=search/standard/results/document.fiw", "Checksum": "71bf056ab2fd316f0375afea2646836c"}, "Scrapedate": "2023-01-01", "Num": ["AC.2015.0225"], "Kopfzeile": [{"Sprachen": ["fr", "de", "it"], "Text": "Vaud Tribunal cantonal Cour de droit administratif et public 17.01.2018 AC.2015.0225"}], "Meta": [{"Sprachen": ["de"], "Text": "Waadt  Cour de droit administratif et public"}, {"Sprachen": ["fr"], "Text": "Vaud Tribunal cantonal Cour de droit administratif et public"}, {"Sprachen": ["it"], "Text": "Vaud  Cour de droit administratif et public"}], "Abstract": [{"Sprachen": ["de", "fr", "it"], "Text": "A.________ \u00e0 N.________/CONSEIL COMMUNAL DE MONTREUX, D\u00e9partement du territoire et de l\u2019environnement (DTE), Office f\u00e9d\u00e9ral du d\u00e9veloppement territorial ARE | Recours contre la r\u00e9vision du PGA de la commune de Montreux, en tant qu\u2019elle porte sur l\u2019affectation en zone constructible d\u2019un compartiment de terrain d\u2019environ 4 ha en grande partie non b\u00e2ti, et contre les modifications de ce plan, consistant notamment en la cr\u00e9ation d\u2019une zone r\u00e9serv\u00e9e dans un secteur directement voisin.\r\rUne zone destin\u00e9e aux b\u00e2timents de faible et de moyenne densit\u00e9, mais o\u00f9 la possibilit\u00e9 de construire est subordonn\u00e9e \u00e0 l\u2019\u00e9laboration d\u2019une planification de d\u00e9tail (zone \u00e0 occuper par plan de quartier), ne peut pas \u00eatre assimil\u00e9e \u00e0 une zone \u00e0 b\u00e2tir, mais \u00e0 une zone interm\u00e9diaire. Les recourants ne sont donc pas fond\u00e9s, \u00e0 ce stade de la proc\u00e9dure de planification, \u00e0 se pr\u00e9valoir de ce que l\u2019affectation et la zone r\u00e9serv\u00e9e contest\u00e9es permettraient ind\u00fbment une extension de la zone \u00e0 b\u00e2tir. Recours rejet\u00e9.\rRecours au TF admis (1C_449/2018 du 16.04.2020)."}], "ScrapyJob": "446973/40/2238", "Zeit UTC": "10.04.2026 22:02:39", "Checksum": "410c3dbed1d536980e8c1d7f6ff78c3c"}