{"Signatur": "VD_TC_031", "Spider": "VD_Omni", "Sprache": "fr", "Datum": "2016-08-31", "HTML": {"Datei": "VD_Omni/VD_TC_031_AC-2015-0343_2016-08-31.html", "URL": "http://www.jurisprudence.vd.ch/scripts/nph-omniscgi.exe?OmnisPlatform=WINDOWS&WebServerUrl=&WebServerScript=/scripts/nph-omniscgi.exe&OmnisLibrary=JURISWEB&OmnisClass=rtFindinfoWebHtmlService&OmnisServer=7001&Parametername=WWW_V4&Schema=VD_TA_WEB&Source=search.fiw&Aufruf=getMarkupDocument&cSprache=FRE&nF30_KEY=173633&W10_KEY=10550255&nTrefferzeile=37&Template=search/standard/results/document.fiw", "Checksum": "f26829cf254263048709bbb64a3d969e"}, "Scrapedate": "2023-01-01", "Num": ["AC.2015.0343"], "Kopfzeile": [{"Sprachen": ["fr", "de", "it"], "Text": "Vaud Tribunal cantonal Cour de droit administratif et public 31.08.2016 AC.2015.0343"}], "Meta": [{"Sprachen": ["de"], "Text": "Waadt  Cour de droit administratif et public"}, {"Sprachen": ["fr"], "Text": "Vaud Tribunal cantonal Cour de droit administratif et public"}, {"Sprachen": ["it"], "Text": "Vaud  Cour de droit administratif et public"}], "Abstract": [{"Sprachen": ["de", "fr", "it"], "Text": "BREUER, OBRIST, OLESEN/Municipalit\u00e9 de Lutry, BUCHE, Service Immeubles, Patrimoine et Logistique | La construction de la cr\u00e8che-garderie accol\u00e9e \u00e0 des b\u00e2timents figurant au recensement architectural du canton de Vaud en note *3* et *4* n'est pas contraire \u00e0 la clause g\u00e9n\u00e9rale d'esth\u00e9tique de l'art. 86 LATC et ne compromet pas l'aspect des lieux, quand bien m\u00eame les am\u00e9liorations propos\u00e9es par les commissions consultatives et le SIPAL auraient permis une meilleure int\u00e9gration au site (c. 2). Par ailleurs, cette construction est conforme au r\u00e8glement, notamment parce qu'elle masque la fa\u00e7ade ouest de l'immeuble ECA 71 peu attrayante (c. 3). Enfin, la quotit\u00e9 de l'indemnit\u00e9 compensatoire de places de stationnement satisfait aux conditions r\u00e9glementaires; l'offre de places de parc publiques \"bleues\" aux alentours de la future garderie est suffisante; le trafic qui sera g\u00e9n\u00e9r\u00e9 par les all\u00e9es et venues des parents conduisant leurs enfants n'est pas excessif puisqu'il correspond au trafic usuel dans et aux abords d'un bourg aux affectations multiples (c. 4). Le recours est rejet\u00e9."}], "ScrapyJob": "446973/40/2238", "Zeit UTC": "10.04.2026 22:23:08", "Checksum": "a85d293bae02515bab25e6da8414de9b"}