{"Signatur": "VD_TC_031", "Spider": "VD_Omni", "Sprache": "fr", "Datum": "2016-05-03", "HTML": {"Datei": "VD_Omni/VD_TC_031_AC-2016-0005_2016-05-03.html", "URL": "http://www.jurisprudence.vd.ch/scripts/nph-omniscgi.exe?OmnisPlatform=WINDOWS&WebServerUrl=&WebServerScript=/scripts/nph-omniscgi.exe&OmnisLibrary=JURISWEB&OmnisClass=rtFindinfoWebHtmlService&OmnisServer=7001&Parametername=WWW_V4&Schema=VD_TA_WEB&Source=search.fiw&Aufruf=getMarkupDocument&cSprache=FRE&nF30_KEY=173413&W10_KEY=10550255&nTrefferzeile=41&Template=search/standard/results/document.fiw", "Checksum": "8ee65ed28178baf2a5c2fc57c887b421"}, "Scrapedate": "2023-01-01", "Num": ["AC.2016.0005"], "Kopfzeile": [{"Sprachen": ["fr", "de", "it"], "Text": "Vaud Tribunal cantonal Cour de droit administratif et public 03.05.2016 AC.2016.0005"}], "Meta": [{"Sprachen": ["de"], "Text": "Waadt  Cour de droit administratif et public"}, {"Sprachen": ["fr"], "Text": "Vaud Tribunal cantonal Cour de droit administratif et public"}, {"Sprachen": ["it"], "Text": "Vaud  Cour de droit administratif et public"}], "Abstract": [{"Sprachen": ["de", "fr", "it"], "Text": "PFISTER/Municipalit\u00e9 d'Yverdon-les-Bains | Le recensement architectural est un \u00e9l\u00e9ment d\u2019appr\u00e9ciation que les communes doivent prendre en consid\u00e9ration pour l\u2019\u00e9laboration de leurs plans d\u2019affectation et aussi pour d\u00e9terminer si un projet de construction respecte les exigences d\u2019int\u00e9gration sp\u00e9cifique de la r\u00e9glementation communale pour les localit\u00e9s typiques au sens de l\u2019art. 17 al. 1 let. c LAT. Il en va de m\u00eame de l\u2019inventaire ISOS.\r\rEn l\u2019esp\u00e8ce, le projet contest\u00e9 ne respecte pas les types d\u2019implantation et la typologie des b\u00e2timents construits dans l\u2019unit\u00e9 urbanistique de valeur, r\u00e9pertori\u00e9e par le plan des zones d'Yverdon-les-Bains, le long de la rue du Buron, et qui se caract\u00e9rise par l\u2019implantation de petits constructions d\u2019habitation \u00e0 l\u2019arri\u00e8re desquelles des espaces de jardins sont am\u00e9nag\u00e9s. Alors que l\u2019am\u00e9nagement d\u2019une deuxi\u00e8me construction sur la partie arri\u00e8re est exceptionnel, le projet contest\u00e9 occupe toute la partie arri\u00e8re de la parcelle et s\u2019\u00e9carte du type d\u2019implantation qui caract\u00e9rise l\u2019ensemble urbanistique de valeur.\r \rLe projet est conforme aux normes dimensionnelles r\u00e9gissant la zone, mais il ne respecte pas les exigences sp\u00e9cifiques d\u2019int\u00e9gration pos\u00e9es par l\u2019art. 94 al. 2 et 3 RPGA, et l\u2019art. 3 al. 1 RPGA pr\u00e9cise que ces exigences sp\u00e9cifiques priment sur les r\u00e8gles dimensionnelles de la zone."}], "ScrapyJob": "446973/40/2238", "Zeit UTC": "10.04.2026 22:27:40", "Checksum": "cbd5d41674389e84d0c25901b4c19047"}