{"Signatur": "VD_TC_031", "Spider": "VD_Omni", "Sprache": "fr", "Datum": "2017-09-07", "HTML": {"Datei": "VD_Omni/VD_TC_031_AC-2017-0107_2017-09-07.html", "URL": "http://www.jurisprudence.vd.ch/scripts/nph-omniscgi.exe?OmnisPlatform=WINDOWS&WebServerUrl=&WebServerScript=/scripts/nph-omniscgi.exe&OmnisLibrary=JURISWEB&OmnisClass=rtFindinfoWebHtmlService&OmnisServer=7001&Parametername=WWW_V4&Schema=VD_TA_WEB&Source=search.fiw&Aufruf=getMarkupDocument&cSprache=FRE&nF30_KEY=175023&W10_KEY=10550255&nTrefferzeile=45&Template=search/standard/results/document.fiw", "Checksum": "125ef9b9bfde7ee1ecf1bb9a43b4f3b4"}, "Scrapedate": "2023-01-01", "Num": ["AC.2017.0107"], "Kopfzeile": [{"Sprachen": ["fr", "de", "it"], "Text": "Vaud Tribunal cantonal Cour de droit administratif et public 07.09.2017 AC.2017.0107"}], "Meta": [{"Sprachen": ["de"], "Text": "Waadt  Cour de droit administratif et public"}, {"Sprachen": ["fr"], "Text": "Vaud Tribunal cantonal Cour de droit administratif et public"}, {"Sprachen": ["it"], "Text": "Vaud  Cour de droit administratif et public"}], "Abstract": [{"Sprachen": ["de", "fr", "it"], "Text": "A.________, B.________/Municipalit\u00e9 de Jouxtens-M\u00e9zery, C.________, D.________ | Saisi d'une action tendant \u00e0 ce qu'il soit ordonn\u00e9 \u00e0 des propri\u00e9taires d'enlever, d'\u00e9cimer et d'\u00e9laguer des arbres et autres plantations, le juge de paix, conform\u00e9ment \u00e0 l'art. 32 CRF, a demand\u00e9 \u00e0 la municipalit\u00e9 de dire si ces arbres \u00e9taient prot\u00e9g\u00e9s, le cas \u00e9ch\u00e9ant s'il y avait lieu de les prot\u00e9ger et, en cas de protection, s'il convenait d'autoriser l'abattage ou la taille. La municipalit\u00e9 a rendu une d\u00e9cision ordonnant aux propri\u00e9taires d'abattre deux arbres, de proc\u00e9der \u00e0 l'\u00e9lagage de trois autres arbres et de tailler une haie. Admission du recours contre cette d\u00e9cision, la municipalit\u00e9 ayant outrepass\u00e9 ses comp\u00e9tences, et renvoi de la cause \u00e0 la municipalit\u00e9 pour qu'elle d\u00e9termine si les arbres sont prot\u00e9g\u00e9s ou non, et dans ce cas, si les abattages et \u00e9lagages demand\u00e9s dans le cadre de la proc\u00e9dure civile peuvent ou non \u00eatre autoris\u00e9s."}], "ScrapyJob": "446973/40/2238", "Zeit UTC": "10.04.2026 22:07:38", "Checksum": "a6faed30f4a5fdc38b4a9ef6ef8579a3"}