{"Signatur": "VD_TC_031", "Spider": "VD_Omni", "Sprache": "fr", "Datum": "2017-08-03", "HTML": {"Datei": "VD_Omni/VD_TC_031_AC-2017-0233_2017-08-03.html", "URL": "http://www.jurisprudence.vd.ch/scripts/nph-omniscgi.exe?OmnisPlatform=WINDOWS&WebServerUrl=&WebServerScript=/scripts/nph-omniscgi.exe&OmnisLibrary=JURISWEB&OmnisClass=rtFindinfoWebHtmlService&OmnisServer=7001&Parametername=WWW_V4&Schema=VD_TA_WEB&Source=search.fiw&Aufruf=getMarkupDocument&cSprache=FRE&nF30_KEY=174901&W10_KEY=10550255&nTrefferzeile=17&Template=search/standard/results/document.fiw", "Checksum": "262867c276a81b31bc592292c62d9585"}, "Scrapedate": "2023-01-01", "Num": ["AC.2017.0233"], "Kopfzeile": [{"Sprachen": ["fr", "de", "it"], "Text": "Vaud Tribunal cantonal Cour de droit administratif et public 03.08.2017 AC.2017.0233"}], "Meta": [{"Sprachen": ["de"], "Text": "Waadt  Cour de droit administratif et public"}, {"Sprachen": ["fr"], "Text": "Vaud Tribunal cantonal Cour de droit administratif et public"}, {"Sprachen": ["it"], "Text": "Vaud  Cour de droit administratif et public"}], "Abstract": [{"Sprachen": ["de", "fr", "it"], "Text": "PRATS ALVAREZ, BRUTTIN, ALVAREZ/D\u00e9partement du territoire et de l\u2019environnement (DTE), ccl du Syndicat AF Le Mont-sur-Lausanne, ccl du Syndicat AF Le Mont-sur-Lausanne, CONSEIL COMMUNAL MONT-S-LAUSANNE | Rejet d'une demande de r\u00e9vision de l'arr\u00eat AC.2015.0006 du 24 octobre 2016 fond\u00e9e sur une lettre de la municipalit\u00e9 du 17 mars 2017 concernant la taxe relative au financement de l'\u00e9quipement communautaire. En soi, cette lettre ne peut donner lieu \u00e0 r\u00e9vision car elle est post\u00e9rieure \u00e0 l'arr\u00eat. Ce que les requ\u00e9rants pr\u00e9tendent en tirer n'est pas un fait. Savoir si les parcelles litigieuses sont constructibles ou non (et si elles tombent ou non sous le coup du moratoire des nouvelles zones \u00e0 b\u00e2tir de l'art. 38a LAT) est une question de droit et non un fait. La position (contradictoire selon les requ\u00e9rants) exprim\u00e9e par l'autorit\u00e9 communale sur cette question, f\u00fbt-elle consid\u00e9r\u00e9e comme un fait proc\u00e9dural, ne constitue pas un fait d\u00e9terminant pour r\u00e9soudre cette question de droit.\rRecours rejet\u00e9 par le Tribunal f\u00e9d\u00e9ral (1C_460/2017 du 15 janvier 2018)."}], "ScrapyJob": "446973/40/2238", "Zeit UTC": "10.04.2026 22:21:52", "Checksum": "c98ced8b3cb41398a0b988e67214057c"}