{"Signatur": "VD_TC_031", "Spider": "VD_Omni", "Sprache": "fr", "Datum": "2019-06-28", "HTML": {"Datei": "VD_Omni/VD_TC_031_AC-2018-0201_2019-06-28.html", "URL": "http://www.jurisprudence.vd.ch/scripts/nph-omniscgi.exe?OmnisPlatform=WINDOWS&WebServerUrl=&WebServerScript=/scripts/nph-omniscgi.exe&OmnisLibrary=JURISWEB&OmnisClass=rtFindinfoWebHtmlService&OmnisServer=7001&Parametername=WWW_V4&Schema=VD_TA_WEB&Source=search.fiw&Aufruf=getMarkupDocument&cSprache=FRE&nF30_KEY=177874&W10_KEY=10550255&nTrefferzeile=5&Template=search/standard/results/document.fiw", "Checksum": "18b0f4557694652807e208cd2a3140c7"}, "Scrapedate": "2023-01-01", "Num": ["AC.2018.0201"], "Kopfzeile": [{"Sprachen": ["fr", "de", "it"], "Text": "Vaud Tribunal cantonal Cour de droit administratif et public 28.06.2019 AC.2018.0201"}], "Meta": [{"Sprachen": ["de"], "Text": "Waadt  Cour de droit administratif et public"}, {"Sprachen": ["fr"], "Text": "Vaud Tribunal cantonal Cour de droit administratif et public"}, {"Sprachen": ["it"], "Text": "Vaud  Cour de droit administratif et public"}], "Abstract": [{"Sprachen": ["de", "fr", "it"], "Text": "A.________, B.________/D\u00e9partement du territoire et de l\u2019environnement (DTE), Municipalit\u00e9 de St-Prex | Recours contre une zone r\u00e9serv\u00e9e des propri\u00e9taires de trois parcelles sises \u00e0 environ 80 m du lac L\u00e9man pr\u00e9sentant au total une surface de 7175 m2.  Rappel des conditions pos\u00e9es par la jurisprudence pour l'instauration d'une zone r\u00e9serv\u00e9e (consid. 2). L'existence d'une volont\u00e9 de modifier la planification communale et d'un besoin de modifier cette r\u00e9glementation en raison du surdimensionnement des secteurs du territoire communal sis en dehors du p\u00e9rim\u00e8tre de centre, dont font partie les parcelles litigieuses, est suffisamment \u00e9tablie. Peuvent \u00eatre incluses dans une zone r\u00e9serv\u00e9e des parcelles pour lesquelles est envisag\u00e9e a priori une r\u00e9duction des droits \u00e0 b\u00e2tir plut\u00f4t qu'une r\u00e9duction en m2 des surfaces affect\u00e9es \u00e0 la zone \u00e0 b\u00e2tir. L'exigence selon laquelle la possibilit\u00e9 d'un d\u00e9classement des parcelles en cause doit pouvoir raisonnablement \u00eatre prise en consid\u00e9ration dans le cadre de la future r\u00e9vision du PGA est remplie. Dans le cadre de l'\u00e9laboration du nouveau PGA, l'autorit\u00e9 de planification ne devra pas uniquement prendre en consid\u00e9ration le crit\u00e8re relatif aux terrains propres \u00e0 la construction d\u00e9j\u00e0 largement b\u00e2tis et au br\u00e8ches dans la continuit\u00e9 du tissu b\u00e2ti. Elle devra \u00e9galement prendre en consid\u00e9ration les buts et pricipes d'am\u00e9nagement du territoire tels qu'ils r\u00e9sultent de la constitution et de la LAT, notamment en ce qui concerne la protection du paysage et des zones lacustres. L'inclusion des parcelles litigieuses dans la zone r\u00e9serv\u00e9e est conforme \u00e0 la garantie de la propri\u00e9t\u00e9 sous l'angle du principe de la proportionnalit\u00e9 (consid. 3)."}], "ScrapyJob": "446973/40/2238", "Zeit UTC": "10.04.2026 21:55:34", "Checksum": "d4cdfe4fc59b148b70069ae263ec6bd7"}