{"Signatur": "VD_TC_031", "Spider": "VD_Omni", "Sprache": "fr", "Datum": "2019-01-18", "HTML": {"Datei": "VD_Omni/VD_TC_031_AC-2018-0208_2019-01-18.html", "URL": "http://www.jurisprudence.vd.ch/scripts/nph-omniscgi.exe?OmnisPlatform=WINDOWS&WebServerUrl=&WebServerScript=/scripts/nph-omniscgi.exe&OmnisLibrary=JURISWEB&OmnisClass=rtFindinfoWebHtmlService&OmnisServer=7001&Parametername=WWW_V4&Schema=VD_TA_WEB&Source=search.fiw&Aufruf=getMarkupDocument&cSprache=FRE&nF30_KEY=177181&W10_KEY=10550255&nTrefferzeile=46&Template=search/standard/results/document.fiw", "Checksum": "35fbcb4aa901ae1e315a8ddb2ebeb83d"}, "Scrapedate": "2023-01-01", "Num": ["AC.2018.0208"], "Kopfzeile": [{"Sprachen": ["fr", "de", "it"], "Text": "Vaud Tribunal cantonal Cour de droit administratif et public 18.01.2019 AC.2018.0208"}], "Meta": [{"Sprachen": ["de"], "Text": "Waadt  Cour de droit administratif et public"}, {"Sprachen": ["fr"], "Text": "Vaud Tribunal cantonal Cour de droit administratif et public"}, {"Sprachen": ["it"], "Text": "Vaud  Cour de droit administratif et public"}], "Abstract": [{"Sprachen": ["de", "fr", "it"], "Text": "A.________, B.________/Service du d\u00e9veloppement territorial, C.________, Municipalit\u00e9 d'Arzier-Le Muids | Rejet du recours dirig\u00e9 contre l'instauration d'une zone r\u00e9serv\u00e9e cantonale sur une parcelle de 5'985 m2 sur laquelle les propri\u00e9taires ont mis \u00e0 l'enqu\u00eate la construction de 8 logements jumel\u00e9s. Cette mesure, qui rend la parcelle provisoirement inconstructible, a pour objectif d'\u00e9viter de rendre de futurs d\u00e9zonages impossibles ou plus difficiles et d'inciter \u00e0 engager la r\u00e9vision du PGA de la commune dont la zone \u00e0 b\u00e2tir est surdimensionn\u00e9e, est justifi\u00e9e. En particulier, la mesure est proportionn\u00e9e, car tout projet de construction sur la parcelle en question para\u00eet susceptible de poser probl\u00e8me au regard de la r\u00e9glementation future, en particulier en raison de la taille importante du bien-fonds qui, potentiellement, permet la r\u00e9alisation des 8 logements jumel\u00e9s. Par ailleurs, on ne peut pas exclure en l'\u00e9tat que la parcelle doive \u00eatre soustraite de la zone \u00e0 b\u00e2tir au terme de la proc\u00e9dure tendant au redimensionnement de celle-ci, vu la situation de celle-ci, \u00e0 la limite du territoire urbanis\u00e9, et du fait qu'elle se trouve actuellement cultiv\u00e9e et attenante \u00e0 des parcelles affect\u00e9es en zone interm\u00e9diaire \u00e9galement cultiv\u00e9es.\rLa proc\u00e9dure instaur\u00e9e par les art. 133 et 134 LATC (dispositions transitoires de la LATC de 1985) ne s'applique plus au-del\u00e0 de la p\u00e9riode (jusqu'au 31 d\u00e9cembre 1987) durant laquelle des plans d'affectation conformes \u00e0 la LAT devaient \u00eatre \u00e9tablis."}], "ScrapyJob": "446973/40/2238", "Zeit UTC": "10.04.2026 21:45:31", "Checksum": "b9ccf61a44e84bf75f599435f9098c39"}