{"Signatur": "VD_TC_031", "Spider": "VD_Omni", "Sprache": "fr", "Datum": "2018-09-24", "HTML": {"Datei": "VD_Omni/VD_TC_031_AC-2018-0209_2018-09-24.html", "URL": "http://www.jurisprudence.vd.ch/scripts/nph-omniscgi.exe?OmnisPlatform=WINDOWS&WebServerUrl=&WebServerScript=/scripts/nph-omniscgi.exe&OmnisLibrary=JURISWEB&OmnisClass=rtFindinfoWebHtmlService&OmnisServer=7001&Parametername=WWW_V4&Schema=VD_TA_WEB&Source=search.fiw&Aufruf=getMarkupDocument&cSprache=FRE&nF30_KEY=176588&W10_KEY=10550255&nTrefferzeile=25&Template=search/standard/results/document.fiw", "Checksum": "39dc15fc6b6ab6876a51d354c516b976"}, "Scrapedate": "2023-01-01", "Num": ["AC.2018.0209"], "Kopfzeile": [{"Sprachen": ["fr", "de", "it"], "Text": "Vaud Tribunal cantonal Cour de droit administratif et public 24.09.2018 AC.2018.0209"}], "Meta": [{"Sprachen": ["de"], "Text": "Waadt  Cour de droit administratif et public"}, {"Sprachen": ["fr"], "Text": "Vaud Tribunal cantonal Cour de droit administratif et public"}, {"Sprachen": ["it"], "Text": "Vaud  Cour de droit administratif et public"}], "Abstract": [{"Sprachen": ["de", "fr", "it"], "Text": "A.________/Municipalit\u00e9 de Corcelles-pr\u00e8s-Payerne | D\u00e9cision d'une municipalit\u00e9 du 23 mai 2018 ordonnant \u00e0 un propri\u00e9taire de proc\u00e9der \u00e0 la r\u00e9fection des toitures de deux b\u00e2timent dans les r\u00e8gles de l'art dans un d\u00e9lai fix\u00e9 au 31 ao\u00fbt 2018. D\u00e9cision fond\u00e9e sur un rapport du service communal comp\u00e9tent dont il ressort que les toitures sont en tr\u00e8s mauvais \u00e9tat et risquent de s'effondrer. Recours du propri\u00e9taire aupr\u00e8s de la CDAP. Constat, sur la base d'une vision locale, que les toitures en cause sont en tr\u00e8s mauvais \u00e9tat avec un risque d'effondrement et un risque que des tuiles s'envolent, ce qui entra\u00eene un danger manifeste pour la s\u00e9curit\u00e9 des personnes. La question du type de tuiles \u00e0 poser, qui divise apparemment les parties, sort de l'objet du litige. Compte tenu des contraintes de la saison hivernale, nouveau d\u00e9lai fix\u00e9 au 30 juin 2019 pour la r\u00e9fection des toitures. Un d\u00e9lai de 15 jours d\u00e8s r\u00e9ception de l'arr\u00eat est au surplus imparti au recourant pour installer des panneaux indiquant le danger et l'interdiction de p\u00e9n\u00e9trer sur les voies d'acc\u00e8s aux propri\u00e9t\u00e9s concern\u00e9es."}], "ScrapyJob": "446973/40/2238", "Zeit UTC": "10.04.2026 21:50:13", "Checksum": "78b158410b4c2874b2433b21f63acbf3"}