{"Signatur": "VD_TC_031", "Spider": "VD_Omni", "Sprache": "fr", "Datum": "2019-09-02", "HTML": {"Datei": "VD_Omni/VD_TC_031_AC-2018-0329_2019-09-02.html", "URL": "http://www.jurisprudence.vd.ch/scripts/nph-omniscgi.exe?OmnisPlatform=WINDOWS&WebServerUrl=&WebServerScript=/scripts/nph-omniscgi.exe&OmnisLibrary=JURISWEB&OmnisClass=rtFindinfoWebHtmlService&OmnisServer=7001&Parametername=WWW_V4&Schema=VD_TA_WEB&Source=search.fiw&Aufruf=getMarkupDocument&cSprache=FRE&nF30_KEY=178082&W10_KEY=10550255&nTrefferzeile=28&Template=search/standard/results/document.fiw", "Checksum": "f1f9f232d95cd92be5e2231ca2880f84"}, "Scrapedate": "2023-01-01", "Num": ["AC.2018.0329"], "Kopfzeile": [{"Sprachen": ["fr", "de", "it"], "Text": "Vaud Tribunal cantonal Cour de droit administratif et public 02.09.2019 AC.2018.0329"}], "Meta": [{"Sprachen": ["de"], "Text": "Waadt  Cour de droit administratif et public"}, {"Sprachen": ["fr"], "Text": "Vaud Tribunal cantonal Cour de droit administratif et public"}, {"Sprachen": ["it"], "Text": "Vaud  Cour de droit administratif et public"}], "Abstract": [{"Sprachen": ["de", "fr", "it"], "Text": "A.________, B.________/Conseil g\u00e9n\u00e9ral de Denens, D\u00e9partement du territoire et de l\u2019environnement (DTE) | Rejet des recours dirig\u00e9s contre la modification d'un PPA (sur le p\u00e9rim\u00e8tre de l'ancien village de la commune) et d'une zone r\u00e9serv\u00e9e (sur l'ensemble de la zone \u00e0 b\u00e2tir, hors du PPA). Les parcelles des recourants sont incluses dans la zone r\u00e9serv\u00e9e, mais pas dans le PPA. Question de leur qualit\u00e9 pour recourir contre le PPA laiss\u00e9e ind\u00e9cise (c. 1). Modalit\u00e9s de calcul de la croissance d\u00e9mographique admissible et de la capacit\u00e9 d'accueil (c. 3). La zone r\u00e9serv\u00e9e s'\u00e9tendant sur l'ensemble de la zone \u00e0 b\u00e2tir de la commune (hors PPA), il sied d'examiner si les parcelles des recourants seraient manifestement impropres \u00e0 un d\u00e9classement, au point que leur soustraction \u00e0 ce moratoire g\u00e9n\u00e9ral se justifierait. Tel n'est pas le cas (c. 4). Au vu des circonstances, le choix de la commune de modifier le PPA, notamment en y augmentant les droits \u00e0 b\u00e2tir alors qu'elle est tenue de r\u00e9duire sa zone \u00e0 b\u00e2tir, demeure conforme au droit; il s'agit en effet d'une densification (non pas d'une extension de la zone \u00e0 b\u00e2tir), qui plus est dans le noyau de la localit\u00e9 et moyennant une cons\u00e9cration du potentiel d'accueil (10 habitants), respectivement une augmentation de ce potentiel (1 habitant), tout \u00e0 fait modestes (c. 5)."}], "ScrapyJob": "446973/40/2238", "Zeit UTC": "10.04.2026 21:38:30", "Checksum": "96904086bee1e213d7ff4512f4ea6ccf"}