{"Signatur": "VD_TC_031", "Spider": "VD_Omni", "Sprache": "fr", "Datum": "2019-06-20", "HTML": {"Datei": "VD_Omni/VD_TC_031_AC-2018-0394_2019-06-20.html", "URL": "http://www.jurisprudence.vd.ch/scripts/nph-omniscgi.exe?OmnisPlatform=WINDOWS&WebServerUrl=&WebServerScript=/scripts/nph-omniscgi.exe&OmnisLibrary=JURISWEB&OmnisClass=rtFindinfoWebHtmlService&OmnisServer=7001&Parametername=WWW_V4&Schema=VD_TA_WEB&Source=search.fiw&Aufruf=getMarkupDocument&cSprache=FRE&nF30_KEY=177843&W10_KEY=10550255&nTrefferzeile=30&Template=search/standard/results/document.fiw", "Checksum": "a5b4d885487d1da0bcc4de932f6fc77f"}, "Scrapedate": "2023-01-01", "Num": ["AC.2018.0394"], "Kopfzeile": [{"Sprachen": ["fr", "de", "it"], "Text": "Vaud Tribunal cantonal Cour de droit administratif et public 20.06.2019 AC.2018.0394"}], "Meta": [{"Sprachen": ["de"], "Text": "Waadt  Cour de droit administratif et public"}, {"Sprachen": ["fr"], "Text": "Vaud Tribunal cantonal Cour de droit administratif et public"}, {"Sprachen": ["it"], "Text": "Vaud  Cour de droit administratif et public"}], "Abstract": [{"Sprachen": ["de", "fr", "it"], "Text": "A.________/Municipalit\u00e9 de Lausanne Direction du logement, | D\u00e9cision refusant l'abattage de quatre \u00e9pic\u00e9as prot\u00e9g\u00e9s par le r\u00e8glement communal. Recours admis et d\u00e9cision r\u00e9form\u00e9e en ce sens que l'autorisation d'abattage doit \u00eatre d\u00e9livr\u00e9e. En l'occurrence, l'autorit\u00e9 intim\u00e9e n'a pas suffisamment tenu compte des circonstances du cas d'esp\u00e8ce, qui doivent conduire \u00e0 privil\u00e9gier l'int\u00e9r\u00eat priv\u00e9 du recourant. En effet, les arbres litigieux privent la villa pr\u00e9existante d'ensoleillement normal dans une mesure excessive, constituent une source de nuisance pour la v\u00e9g\u00e9tation plant\u00e9e \u00e0 proximit\u00e9, jouxtent une ligne \u00e9lectrique et risquent d'endommager les canalisations passant dans la partie concern\u00e9e de la parcelle. En outre, l'int\u00e9r\u00eat public au maintien des arbres en cause doit \u00eatre relativis\u00e9; ceux-ci ne s'int\u00e8grent pas \u00e0 la v\u00e9g\u00e9tation de la parcelle et de ses environs et ne remplissent pas de fonction esth\u00e9tique ou biologique particuli\u00e8re, \u00e9tant pr\u00e9cis\u00e9 que la parcelle du recourant est tr\u00e8s arboris\u00e9e et se trouve dans un quartier verdoyant."}], "ScrapyJob": "446973/40/2238", "Zeit UTC": "10.04.2026 21:40:16", "Checksum": "b4aa608e3ff096592befbe8d917a0837"}