{"Signatur": "VD_TC_031", "Spider": "VD_Omni", "Sprache": "fr", "Datum": "2020-02-28", "HTML": {"Datei": "VD_Omni/VD_TC_031_AC-2018-0423_2020-02-28.html", "URL": "http://www.jurisprudence.vd.ch/scripts/nph-omniscgi.exe?OmnisPlatform=WINDOWS&WebServerUrl=&WebServerScript=/scripts/nph-omniscgi.exe&OmnisLibrary=JURISWEB&OmnisClass=rtFindinfoWebHtmlService&OmnisServer=7001&Parametername=WWW_V4&Schema=VD_TA_WEB&Source=search.fiw&Aufruf=getMarkupDocument&cSprache=FRE&nF30_KEY=178794&W10_KEY=10550255&nTrefferzeile=14&Template=search/standard/results/document.fiw", "Checksum": "b6feaee1dc1e393a5a9024e802a02da4"}, "Scrapedate": "2023-01-01", "Num": ["AC.2018.0423"], "Kopfzeile": [{"Sprachen": ["fr", "de", "it"], "Text": "Vaud Tribunal cantonal Cour de droit administratif et public 28.02.2020 AC.2018.0423"}], "Meta": [{"Sprachen": ["de"], "Text": "Waadt  Cour de droit administratif et public"}, {"Sprachen": ["fr"], "Text": "Vaud Tribunal cantonal Cour de droit administratif et public"}, {"Sprachen": ["it"], "Text": "Vaud  Cour de droit administratif et public"}], "Abstract": [{"Sprachen": ["de", "fr", "it"], "Text": "A._________, B._________, C.________, D.________, E.________, F.________/D\u00e9partement du territoire et de l\u2019environnement (DTE), Municipalit\u00e9 d'Epalinges | Conditions pour l'instauration d'une zone r\u00e9serv\u00e9e en cas de surdimensionnement de la zone \u00e0 b\u00e2tir. Le Tribunal f\u00e9d\u00e9ral a jug\u00e9 que la zone r\u00e9serv\u00e9e ne doit pas s'\u00e9tendre \u00e0 tout le territoire communal mais doit inclure seulement les secteurs qui entrent en consid\u00e9ration pour une r\u00e9duction de la zone \u00e0 b\u00e2tir, mais il a aussi confirm\u00e9 une zone r\u00e9serv\u00e9e sur l'ensemble des surfaces constructibles \u00e0 faible densit\u00e9 en consid\u00e9rant que le principe d'\u00e9galit\u00e9 de traitement emp\u00eachait que certaines parcelles soient exclues du p\u00e9rim\u00e8tre vis\u00e9, \u00e0 moins qu'il apparaisse d'embl\u00e9e qu'elles ne pourront pas \u00eatre concern\u00e9es par le remaniement de la zone \u00e0 b\u00e2tir. Pour la CDAP, il s'agit de savoir si la possibilit\u00e9 d'un d\u00e9classement des parcelles en cause peut raisonnablement \u00eatre prise en consid\u00e9ration dans le cadre de la future r\u00e9vision du plan g\u00e9n\u00e9ral d'affectation. Confirmation de la zone r\u00e9serv\u00e9e cantonale instaur\u00e9e sur un ensemble de parcelles (12'540 m2) entour\u00e9es de nombreuses parcelles non b\u00e2ties (m\u00eame si l'autre c\u00f4t\u00e9 du chemin est largement b\u00e2ti) et situ\u00e9es \u00e0 plusieurs centaines de m\u00e8tres de l'arr\u00eat de la ligne r\u00e9guli\u00e8re de bus le plus proche."}], "ScrapyJob": "446973/40/2238", "Zeit UTC": "10.04.2026 21:31:40", "Checksum": "4a1d76d6a5ad5248401879c5528adbe8"}