{"Signatur": "VD_TC_031", "Spider": "VD_Omni", "Sprache": "fr", "Datum": "2022-04-28", "HTML": {"Datei": "VD_Omni/VD_TC_031_AC-2019-0217_2022-04-28.html", "URL": "http://www.jurisprudence.vd.ch/scripts/nph-omniscgi.exe?OmnisPlatform=WINDOWS&WebServerUrl=&WebServerScript=/scripts/nph-omniscgi.exe&OmnisLibrary=JURISWEB&OmnisClass=rtFindinfoWebHtmlService&OmnisServer=7001&Parametername=WWW_V4&Schema=VD_TA_WEB&Source=search.fiw&Aufruf=getMarkupDocument&cSprache=FRE&nF30_KEY=181379&W10_KEY=10550255&nTrefferzeile=1&Template=search/standard/results/document.fiw", "Checksum": "501a1bfd2d615054b0a6969deac0a8d2"}, "Scrapedate": "2026-04-10", "Num": ["AC.2019.0217"], "Kopfzeile": [{"Sprachen": ["fr", "de", "it"], "Text": "Vaud Tribunal cantonal Cour de droit administratif et public 28.04.2022 AC.2019.0217"}], "Meta": [{"Sprachen": ["de"], "Text": "Waadt  Cour de droit administratif et public"}, {"Sprachen": ["fr"], "Text": "Vaud Tribunal cantonal Cour de droit administratif et public"}, {"Sprachen": ["it"], "Text": "Vaud  Cour de droit administratif et public"}], "Abstract": [{"Sprachen": ["de", "fr", "it"], "Text": "PRO NATURA, Pro Natura Vaud, C.__________ \u00e0 AX:__________ / D\u00e9partement des institutions et du territoire, Conseil communal de Rougemont | Annulation du PPA de L'Ougette, tendant \u00e0 la cr\u00e9ation d'une d\u00e9charge contr\u00f4l\u00e9e de type A \u00e0 Rougemont.\r\rQuestion laiss\u00e9e ouverte de savoir si l'installation projet\u00e9e est n\u00e9cessaire pour r\u00e9pondre aux besoins en \u00e9limination des d\u00e9chets de type A dans la vall\u00e9e du Pays-d'Enhaut. Les autorit\u00e9s de planification ne se sont pas suffisamment coordonn\u00e9es avec les autres autorit\u00e9s vaudoises et bernoises concern\u00e9es dans le but d'\u00e9laborer une solution commune pour la r\u00e9gion, tenant compte des autres projets en cours dans des secteurs voisins tr\u00e8s proches. Risque de multiplication de d\u00e9charges sous-occup\u00e9es dans le Pays-d'Enhaut (consid. 4).\rArr\u00eat annul\u00e9 par le Tribunal f\u00e9d\u00e9ral (1C_313/2022 et 1C_326/2022 du 8 juin 2022)."}], "ScrapyJob": "446973/40/2238", "Zeit UTC": "10.04.2026 21:07:16", "Checksum": "40be6c6151161abf437e9804bcfd0b26"}