{"Signatur": "VD_TC_031", "Spider": "VD_Omni", "Sprache": "fr", "Datum": "2020-12-17", "HTML": {"Datei": "VD_Omni/VD_TC_031_AC-2019-0263_2020-12-17.html", "URL": "http://www.jurisprudence.vd.ch/scripts/nph-omniscgi.exe?OmnisPlatform=WINDOWS&WebServerUrl=&WebServerScript=/scripts/nph-omniscgi.exe&OmnisLibrary=JURISWEB&OmnisClass=rtFindinfoWebHtmlService&OmnisServer=7001&Parametername=WWW_V4&Schema=VD_TA_WEB&Source=search.fiw&Aufruf=getMarkupDocument&cSprache=FRE&nF30_KEY=179833&W10_KEY=10550255&nTrefferzeile=34&Template=search/standard/results/document.fiw", "Checksum": "ec7d884f4838e85f5b97fb2e1e4eaa85"}, "Scrapedate": "2023-01-01", "Num": ["AC.2019.0263"], "Kopfzeile": [{"Sprachen": ["fr", "de", "it"], "Text": "Vaud Tribunal cantonal Cour de droit administratif et public 17.12.2020 AC.2019.0263"}], "Meta": [{"Sprachen": ["de"], "Text": "Waadt  Cour de droit administratif et public"}, {"Sprachen": ["fr"], "Text": "Vaud Tribunal cantonal Cour de droit administratif et public"}, {"Sprachen": ["it"], "Text": "Vaud  Cour de droit administratif et public"}], "Abstract": [{"Sprachen": ["de", "fr", "it"], "Text": "A.________/Municipalit\u00e9 de Yens, B.________ | Recours d'un propri\u00e9taire contre la d\u00e9cision de la municipalit\u00e9 qui a constat\u00e9 que 3 feuillus et 2 conif\u00e8res - un pin et un sapin -, sis en limite de propri\u00e9t\u00e9 sur une parcelle voisine, \u00e9taient prot\u00e9g\u00e9s, qu'aucune des conditions de l'art. 6 LPNMS n'\u00e9tait r\u00e9alis\u00e9e pour en autoriser l'abattage et qu'un \u00e9t\u00eatage des conif\u00e8res affecterait leur structure naturelle. Pas d'arbitraire dans le constat que le sapin pouvait \u00eatre consid\u00e9r\u00e9 comme prot\u00e9g\u00e9 bien que le diam\u00e8tre de son tronc, de 29 cm, n'atteignait pas les 30 cm requis par le r\u00e8glement communal sur la protection des arbres (RC). Ayant statu\u00e9 en ao\u00fbt 2019 en fonction d'une mesure r\u00e9alis\u00e9e en mai 2019, la municipalit\u00e9 pouvait prendre en compte une possible impr\u00e9cision de la mesure et privil\u00e9gier les objectifs de protection vis\u00e9s par les l\u00e9gislations cantonale et communale. Le diam\u00e8tre de l'arbre allait en outre prochainement atteindre 30 cm, ce qui a \u00e9t\u00e9 confirm\u00e9 par une mesure en janvier 2020 (consid. 5b). Constat que la municipalit\u00e9 n'a pas non plus fait preuve d'arbitraire et est rest\u00e9e dans le cadre du pouvoir d'appr\u00e9ciation qui doit lui \u00eatre reconnu dans l'interpr\u00e9tation du RC en retenant que le diam\u00e8tre des troncs multiples des feuillus - arbres qui sortent du sol chacun sur un pied et dont les troncs se soutiennent mutuellement - pouvaient \u00eatre additionn\u00e9s, sans qu'il y ait lieu d'op\u00e9rer une distinction entre un arbre plant\u00e9 seul qui aurait d\u00e9velopp\u00e9 plusieurs troncs et plusieurs arbres plant\u00e9s ensemble (th\u00e8se d\u00e9fendue par le recourant) qui auraient ensuite fusionn\u00e9 (consid. 6a). Recours rejet\u00e9. \r\r"}], "ScrapyJob": "446973/40/2238", "Zeit UTC": "10.04.2026 21:19:22", "Checksum": "3d86af713fc871d50607e7557574560b"}