{"Signatur": "VD_TC_031", "Spider": "VD_Omni", "Sprache": "fr", "Datum": "2021-01-08", "HTML": {"Datei": "VD_Omni/VD_TC_031_AC-2020-0211_2021-01-08.html", "URL": "http://www.jurisprudence.vd.ch/scripts/nph-omniscgi.exe?OmnisPlatform=WINDOWS&WebServerUrl=&WebServerScript=/scripts/nph-omniscgi.exe&OmnisLibrary=JURISWEB&OmnisClass=rtFindinfoWebHtmlService&OmnisServer=7001&Parametername=WWW_V4&Schema=VD_TA_WEB&Source=search.fiw&Aufruf=getMarkupDocument&cSprache=FRE&nF30_KEY=179910&W10_KEY=10550255&nTrefferzeile=28&Template=search/standard/results/document.fiw", "Checksum": "d120c07761af05c694024af7a339829a"}, "Scrapedate": "2023-01-01", "Num": ["AC.2020.0211"], "Kopfzeile": [{"Sprachen": ["fr", "de", "it"], "Text": "Vaud Tribunal cantonal Cour de droit administratif et public 08.01.2021 AC.2020.0211"}], "Meta": [{"Sprachen": ["de"], "Text": "Waadt  Cour de droit administratif et public"}, {"Sprachen": ["fr"], "Text": "Vaud Tribunal cantonal Cour de droit administratif et public"}, {"Sprachen": ["it"], "Text": "Vaud  Cour de droit administratif et public"}], "Abstract": [{"Sprachen": ["de", "fr", "it"], "Text": "A.________/Municipalit\u00e9 de Crans-pr\u00e8s-C\u00e9ligny, B.________, C.________, D.________, E.________ | Recours d'un voisin contre la d\u00e9cision municipale autorisant la d\u00e9molition des b\u00e2timents existants et la construction d'un b\u00e2timent de trois logements compos\u00e9 de trois corps de b\u00e2timent juxtapos\u00e9s reli\u00e9s par quatre garages, ceux-ci \u00e9tant surmont\u00e9s de locaux de \"rangements\" perc\u00e9s de fen\u00eatres fixes (fa\u00e7ade nord) et de portes-fen\u00eatres (fa\u00e7ade sud) donnant sur le toit du garage. En l'esp\u00e8ce, le tribunal consid\u00e8re que les locaux de rangement peuvent \u00eatre trait\u00e9s comme des surfaces utiles secondaires (SUS), non li\u00e9es \u00e0 l'utilisation principale du logement, \u00e0 condition que toutes les portes-fen\u00eatres des chambres et des locaux de rangement donnant sur la toiture du garage (fa\u00e7ade sud/ouest) soient imp\u00e9rativement supprim\u00e9es et remplac\u00e9es par des fen\u00eatres comportant un \"contrecoeur\" vitr\u00e9 fixe, rendant impossible l'acc\u00e8s au toit du garage depuis les chambres et les locaux de rangement (c. 3c). Recours partiellement admis.\rRecours au TF retir\u00e9, cause ray\u00e9e du r\u00f4le le 17 f\u00e9vrier 2021 (1C_83/2021)."}], "ScrapyJob": "446973/40/2238", "Zeit UTC": "10.04.2026 21:19:08", "Checksum": "2b18effee9501b27d5e787a76da290f4"}