{"Signatur": "VD_TC_031", "Spider": "VD_Omni", "Sprache": "fr", "Datum": "2022-03-04", "HTML": {"Datei": "VD_Omni/VD_TC_031_AC-2020-0348_2022-03-04.html", "URL": "http://www.jurisprudence.vd.ch/scripts/nph-omniscgi.exe?OmnisPlatform=WINDOWS&WebServerUrl=&WebServerScript=/scripts/nph-omniscgi.exe&OmnisLibrary=JURISWEB&OmnisClass=rtFindinfoWebHtmlService&OmnisServer=7001&Parametername=WWW_V4&Schema=VD_TA_WEB&Source=search.fiw&Aufruf=getMarkupDocument&cSprache=FRE&nF30_KEY=181215&W10_KEY=10550255&nTrefferzeile=21&Template=search/standard/results/document.fiw", "Checksum": "994f7a31f91cc89477a789d2f2dd9907"}, "Scrapedate": "2023-01-01", "Num": ["AC.2020.0348"], "Kopfzeile": [{"Sprachen": ["fr", "de", "it"], "Text": "Vaud Tribunal cantonal Cour de droit administratif et public 04.03.2022 AC.2020.0348"}], "Meta": [{"Sprachen": ["de"], "Text": "Waadt  Cour de droit administratif et public"}, {"Sprachen": ["fr"], "Text": "Vaud Tribunal cantonal Cour de droit administratif et public"}, {"Sprachen": ["it"], "Text": "Vaud  Cour de droit administratif et public"}], "Abstract": [{"Sprachen": ["de", "fr", "it"], "Text": "A.________, B.________ et C.________ /Direction g\u00e9n\u00e9rale du territoire et du logement, Municipalit\u00e9 de St-Prex | Zone r\u00e9serv\u00e9e cantonale sur une parcelle non b\u00e2tie de 3'521 m2 principalement en nature de vigne sise sur un coteau orient\u00e9 vers le lac, entour\u00e9e de trois c\u00f4t\u00e9s par des parcelles b\u00e2ties et par une route sur le 4\u00e8me c\u00f4t\u00e9 au del\u00e0 de laquelle se trouve un vaste secteur en zone agricole avec une orientation diff\u00e9rente. Parcelle sise hors du p\u00e9rim\u00e8tre de centre de la Commune de St-Prex. L'autonomie communale reconnue en mati\u00e8re de planification du territoire et l'existence d'une zone r\u00e9serv\u00e9e communale n'emp\u00e8chent pas la cr\u00e9ation d'une zone r\u00e9serv\u00e9e cantonale, quand bien m\u00eame la commune fait \u00e9tat de son intention de maintenir le bien-fonds en question en zone \u00e0 b\u00e2tir. Comp\u00e9tence concurrente du canton et des communes pour instaurer des zones reserv\u00e9es. Confirmation que l'instauration d'une zone r\u00e9serv\u00e9e cantonale ne porte pas atteinte aux pr\u00e9rogatives communales en mati\u00e8re d'am\u00e9nagement du territoire (consid. 2). Circonstances justifiant qu'une r\u00e9flexion soit men\u00e9e au sujet du maintien ou non de la parcelle en zone \u00e0 b\u00e2tir dans le cadre de l'\u00e9laboration du futur plan d'affectation communal (consid 3d/bb). La cr\u00e9ation d'une zone r\u00e9serv\u00e9e cantonale s'ajoutant \u00e0 la zone r\u00e9serv\u00e9e communale jug\u00e9e insuffisante par l'autorit\u00e9 cantonale se justifie au regard du principe de l'\u00e9galit\u00e9 de traitement, ce principe emp\u00eachant que certaines parcelles soient exclues de la zone r\u00e9serv\u00e9e \u00e0 moins qu'il apparaisse d'embl\u00e9e qu'elles ne pourront pas \u00eatre concern\u00e9es par un remaniement de la zone \u00e0 b\u00e2tir, ce qui n'est pas le cas de la parcelle litigieuse (consid 3d/cc). La question de savoir si les contraintes relatives \u00e0 la densification du centre de St-Prex \u00e9voqu\u00e9es par les recourants justifient de s'\u00e9carter du taux de croissance de 0,75% normalement applicable hors du p\u00e9rim\u00e8tre de centre selon le PDCn n'a pas \u00e0 \u00eatre tranch\u00e9e au stade de la zone r\u00e9serv\u00e9e (consid. 4). Pas de violation du principe de l'\u00e9galit\u00e9 de traitement (consid. 5).\rRecours au TF rejet\u00e9 (arr\u00eat 1C_204/2022 du 21 mars 2023)."}], "ScrapyJob": "446973/40/2238", "Zeit UTC": "10.04.2026 21:11:25", "Checksum": "a808f2a39652ada0ac7b19d4ef37d975"}