{"Signatur": "VD_TC_031", "Spider": "VD_Omni", "Sprache": "fr", "Datum": "2022-01-28", "HTML": {"Datei": "VD_Omni/VD_TC_031_AC-2021-0172_2022-01-28.html", "URL": "http://www.jurisprudence.vd.ch/scripts/nph-omniscgi.exe?OmnisPlatform=WINDOWS&WebServerUrl=&WebServerScript=/scripts/nph-omniscgi.exe&OmnisLibrary=JURISWEB&OmnisClass=rtFindinfoWebHtmlService&OmnisServer=7001&Parametername=WWW_V4&Schema=VD_TA_WEB&Source=search.fiw&Aufruf=getMarkupDocument&cSprache=FRE&nF30_KEY=181131&W10_KEY=10550255&nTrefferzeile=33&Template=search/standard/results/document.fiw", "Checksum": "84352204f57716b0b073bb68ef3094ce"}, "Scrapedate": "2023-01-01", "Num": ["AC.2021.0172"], "Kopfzeile": [{"Sprachen": ["fr", "de", "it"], "Text": "Vaud Tribunal cantonal Cour de droit administratif et public 28.01.2022 AC.2021.0172"}], "Meta": [{"Sprachen": ["de"], "Text": "Waadt  Cour de droit administratif et public"}, {"Sprachen": ["fr"], "Text": "Vaud Tribunal cantonal Cour de droit administratif et public"}, {"Sprachen": ["it"], "Text": "Vaud  Cour de droit administratif et public"}], "Abstract": [{"Sprachen": ["de", "fr", "it"], "Text": "A.________, B.________, C.________, D.________, E.________, F.________, G.________, H.________, I.________, J.________, K.________/D\u00e9partement des institutions et du territoire, Conseil communal de Jouxtens-M\u00e9zery | Zone r\u00e9serv\u00e9e adopt\u00e9e selon la proc\u00e9dure en vigueur ant\u00e9rieurement \u00e0 la modification de la LATC de 2018, soit selon une proc\u00e9dure d'approbation en deux temps, d'abord pr\u00e9alable, puis d\u00e9finitive. \rL'application du principe de proportionnalit\u00e9 commande de consid\u00e9rer la date de l'approbation pr\u00e9alable comme date de d\u00e9part du d\u00e9lai de 5 ans fix\u00e9 par la LAT et LATC quant \u00e0 la dur\u00e9e de la zone r\u00e9serv\u00e9e. En l'esp\u00e8ce, d\u00e8s lors que le point de d\u00e9part de la zone r\u00e9serv\u00e9e est le 4 avril 2014, la zone r\u00e9serv\u00e9e n'a \u00e9t\u00e9 en vigueur que jusqu'au 3 avril 2019. D\u00e8s cette date, le d\u00e9lai de 5 ans \u00e9tait \u00e9chu et la municipalit\u00e9 \u00e9tait par cons\u00e9quent \u00e0 tard lorsqu'elle a soumis \u00e0 l'enqu\u00eate publique, \u00e0 l'automne 2020, la prolongation de la dur\u00e9e de la zone r\u00e9serv\u00e9e. Partant, cette prolongation ne pouvait pas valablement \u00eatre adopt\u00e9e par le conseil communal et approuv\u00e9e par le d\u00e9partement. La bonne foi de la commune n'est pas d\u00e9terminante. Admission du recours et annulation des d\u00e9cisions attaqu\u00e9es.\r\rPar arr\u00eat du 7 juin 2023 (dans l'affaire 1C_142/2022), le Tribunal f\u00e9d\u00e9ral a rejet\u00e9 dans la mesure o\u00f9 il \u00e9tait recevable le recours d\u00e9pos\u00e9 par la commune contre l'arr\u00eat cantonal."}], "ScrapyJob": "446973/40/2238", "Zeit UTC": "10.04.2026 21:08:51", "Checksum": "9e58f654c50901d77b2ba9c3504a4180"}