{"Signatur": "VD_TC_031", "Spider": "VD_Omni", "Sprache": "fr", "Datum": "2023-01-31", "HTML": {"Datei": "VD_Omni/VD_TC_031_AC-2021-0389_2023-01-31.html", "URL": "http://www.jurisprudence.vd.ch/scripts/nph-omniscgi.exe?OmnisPlatform=WINDOWS&WebServerUrl=&WebServerScript=/scripts/nph-omniscgi.exe&OmnisLibrary=JURISWEB&OmnisClass=rtFindinfoWebHtmlService&OmnisServer=7001&Parametername=WWW_V4&Schema=VD_TA_WEB&Source=search.fiw&Aufruf=getMarkupDocument&cSprache=FRE&nF30_KEY=182165&W10_KEY=10550255&nTrefferzeile=33&Template=search/standard/results/document.fiw", "Checksum": "a8542a536cf97fa40802034bf85680c0"}, "Scrapedate": "2023-01-01", "Num": ["AC.2021.0389"], "Kopfzeile": [{"Sprachen": ["fr", "de", "it"], "Text": "Vaud Tribunal cantonal Cour de droit administratif et public 31.01.2023 AC.2021.0389"}], "Meta": [{"Sprachen": ["de"], "Text": "Waadt  Cour de droit administratif et public"}, {"Sprachen": ["fr"], "Text": "Vaud Tribunal cantonal Cour de droit administratif et public"}, {"Sprachen": ["it"], "Text": "Vaud  Cour de droit administratif et public"}], "Abstract": [{"Sprachen": ["de", "fr", "it"], "Text": "A.________, B.________/Conseil communal de Blonay - Saint-L\u00e9gier, D\u00e9partement des institutions, du territoire et du sport (DITS), Direction g\u00e9n\u00e9rale des immeubles et du patrimoine, Comit\u00e9 de pilotage de l'agglom\u00e9ration Rivelac, C.________, D.________, E.________, F.________ | Recours de Patrimoine Suisse et d'un propri\u00e9taire voisin contre un plan sp\u00e9cial pour un secteur sis au centre de Blonay dans le p\u00e9rim\u00e8tre compact d'agglom\u00e9ration pr\u00e9voyant la d\u00e9molition de tous les b\u00e2timents existants, dont plusieurs en note 4. Qualit\u00e9 pour recourir de Patrimoine Suisse admise (consid. 1). Confirmation de la pes\u00e9e des int\u00e9r\u00eats effectu\u00e9e par l'autorit\u00e9 de planification, soit essentiellement la pes\u00e9e entre l'int\u00e9r\u00eat \u00e0 la protection du patrimoine b\u00e2ti et l'int\u00e9r\u00eat \u00e0 densifier un secteur central bien desservi par les transports publics. Prise en compte dans ce cadre de la qualit\u00e9 du projet ainsi que des diff\u00e9rentes planifications directrices communale, r\u00e9gionale et cantonale (consid. 3 et 4). Rapport entre plan sp\u00e9cial et plan g\u00e9n\u00e9ral d'affectation. Coordination avec le nouveau PAcom (consid. 5). Coordination du projet \u00e0 l'\u00e9chelle de l'agglom\u00e9ration (consid. 6)."}], "ScrapyJob": "446973/40/2238", "Zeit UTC": "10.04.2026 20:58:14", "Checksum": "8f483ae61211f6f8b70b732e5fdeee6a"}