{"Signatur": "VD_TC_031", "Spider": "VD_Omni", "Sprache": "fr", "Datum": "2024-06-05", "HTML": {"Datei": "VD_Omni/VD_TC_031_AC-2022-0114_2024-06-05.html", "URL": "http://www.jurisprudence.vd.ch/scripts/nph-omniscgi.exe?OmnisPlatform=WINDOWS&WebServerUrl=&WebServerScript=/scripts/nph-omniscgi.exe&OmnisLibrary=JURISWEB&OmnisClass=rtFindinfoWebHtmlService&OmnisServer=7001&Parametername=WWW_V4&Schema=VD_TA_WEB&Source=search.fiw&Aufruf=getMarkupDocument&cSprache=FRE&nF30_KEY=183858&W10_KEY=10550255&nTrefferzeile=21&Template=search/standard/results/document.fiw", "Checksum": "3a0d5e0b3d18951bfa65694449445ef0"}, "Scrapedate": "2023-01-01", "Num": ["AC.2022.0114"], "Kopfzeile": [{"Sprachen": ["fr", "de", "it"], "Text": "Vaud Tribunal cantonal Cour de droit administratif et public 05.06.2024 AC.2022.0114"}], "Meta": [{"Sprachen": ["de"], "Text": "Waadt  Cour de droit administratif et public"}, {"Sprachen": ["fr"], "Text": "Vaud Tribunal cantonal Cour de droit administratif et public"}, {"Sprachen": ["it"], "Text": "Vaud  Cour de droit administratif et public"}], "Abstract": [{"Sprachen": ["de", "fr", "it"], "Text": "A.________, B.________/D\u00e9partement des institutions, du territoire et du sport (DITS), Conseil communal de Lausanne | Recours contre l'am\u00e9nagement d'une zone r\u00e9serv\u00e9e sur l'entier de deux zones constructibles instaur\u00e9es par un PPA. Celui-ci a certes \u00e9t\u00e9 r\u00e9vis\u00e9 il y a moins de 15 ans. Toutefois, depuis 2014 au moins, mais de mani\u00e8re encore accrue ces derni\u00e8res ann\u00e9es, les divers instruments de planification (LAT, ISOS, PALM, PDCn, PDCom, projet de modification du PGA) ont marqu\u00e9 une priorisation croissante de la lutte contre le mitage du territoire et l'\u00e9talement urbain, du maintien des espaces verts, naturels et agricoles, de la sauvegarde des paysages et de la pr\u00e9servation de la biodiversit\u00e9. L'accent a \u00e9galement \u00e9t\u00e9 mis sur la lutte contre le d\u00e9r\u00e8glement climatique, ainsi que sur les mesures d'adaptation au r\u00e9chauffement. Cette \u00e9volution s'est traduite notamment par une volont\u00e9 marqu\u00e9e de maintenir et de d\u00e9velopper les espaces verts, en particulier arboris\u00e9s, dans et aux abords des villes, aux fins, notamment, de fournir \u00e0 la population des lieux de ressourcement. Au vu de la situation des deux zones en cause, \u00e0 la frange du territoire urbain et dans un vaste secteur de verdure encore peu b\u00e2ti et de grande qualit\u00e9 paysag\u00e8re et biologique, il se justifiait par cons\u00e9quent de les prendre en consid\u00e9ration dans une r\u00e9flexion relative \u00e0 un \u00e9ventuel d\u00e9classement destin\u00e9 \u00e0 r\u00e9aliser les buts susmentionn\u00e9s. Recours rejet\u00e9."}], "ScrapyJob": "446973/40/2238", "Zeit UTC": "10.04.2026 20:46:03", "Checksum": "527c19c583ea4da6cdb763c1f37b4f94"}