{"Signatur": "VD_TC_031", "Spider": "VD_Omni", "Sprache": "fr", "Datum": "2024-05-10", "HTML": {"Datei": "VD_Omni/VD_TC_031_AC-2023-0287_2024-05-10.html", "URL": "http://www.jurisprudence.vd.ch/scripts/nph-omniscgi.exe?OmnisPlatform=WINDOWS&WebServerUrl=&WebServerScript=/scripts/nph-omniscgi.exe&OmnisLibrary=JURISWEB&OmnisClass=rtFindinfoWebHtmlService&OmnisServer=7001&Parametername=WWW_V4&Schema=VD_TA_WEB&Source=search.fiw&Aufruf=getMarkupDocument&cSprache=FRE&nF30_KEY=183778&W10_KEY=10550255&nTrefferzeile=34&Template=search/standard/results/document.fiw", "Checksum": "764bdeb8cf2424eec77d2a02dc4656f6"}, "Scrapedate": "2023-01-01", "Num": ["AC.2023.0287"], "Kopfzeile": [{"Sprachen": ["fr", "de", "it"], "Text": "Vaud Tribunal cantonal Cour de droit administratif et public 10.05.2024 AC.2023.0287"}], "Meta": [{"Sprachen": ["de"], "Text": "Waadt  Cour de droit administratif et public"}, {"Sprachen": ["fr"], "Text": "Vaud Tribunal cantonal Cour de droit administratif et public"}, {"Sprachen": ["it"], "Text": "Vaud  Cour de droit administratif et public"}], "Abstract": [{"Sprachen": ["de", "fr", "it"], "Text": "A.________/Conseil communal de Gilly, D\u00e9partement des institutions, du territoire et du sport (DITS) | Plan d'affectation communal (PACom) de Gilly. L'attribution d'une partie de la parcelle de la recourante, actuellement class\u00e9e en zone de villas, \u00e0 la zone de verdure n'est pas critiquable: dans le contexte de surdimensionnement de la zone \u00e0 b\u00e2tir communale, la parcelle forme un espace vide \u00e9tendu dans le milieu b\u00e2ti et pr\u00e9sente les caract\u00e9ristiques d'un parc arbor\u00e9. Pas de violation des principes constitutionnels de la proportionnalit\u00e9 (en lien avec la garantie de la propri\u00e9t\u00e9) et de l'\u00e9galit\u00e9 de traitement: que des droits \u00e0 b\u00e2tir trop \u00e9tendus aient \u00e9t\u00e9 accord\u00e9s dans le cadre du PPA Hameau de Vincy, approuv\u00e9 en 2018, ne peut avoir pour cons\u00e9quence le maintien en zone de l'ensemble de la parcelle de la recourante (c. 2 et 3). Pas lieu de r\u00e9partir diff\u00e9remment l'aire de sa parcelle affect\u00e9e en zone de verdure, de mani\u00e8re \u00e0 diminuer l'atteinte \u00e0 la constructibilit\u00e9 du terrain, vu que cela contrevient au but de redimensionnement de la zone \u00e0 b\u00e2tir (c. 4)."}], "ScrapyJob": "446973/40/2238", "Zeit UTC": "10.04.2026 20:46:41", "Checksum": "33f55a17976cc2b8421c6abdd513d6c3"}