{"Signatur": "VD_TC_031", "Spider": "VD_Omni", "Sprache": "fr", "Datum": "2025-09-04", "HTML": {"Datei": "VD_Omni/VD_TC_031_AC-2023-0299_2025-09-04.html", "URL": "http://www.jurisprudence.vd.ch/scripts/nph-omniscgi.exe?OmnisPlatform=WINDOWS&WebServerUrl=&WebServerScript=/scripts/nph-omniscgi.exe&OmnisLibrary=JURISWEB&OmnisClass=rtFindinfoWebHtmlService&OmnisServer=7001&Parametername=WWW_V4&Schema=VD_TA_WEB&Source=search.fiw&Aufruf=getMarkupDocument&cSprache=FRE&nF30_KEY=185420&W10_KEY=10594047&nTrefferzeile=34&Template=search/standard/results/document.fiw", "Checksum": "77250f9ade4352b62b246c989a44cddf"}, "Scrapedate": "2023-01-01", "Num": ["AC.2023.0299"], "Kopfzeile": [{"Sprachen": ["fr", "de", "it"], "Text": "Vaud Tribunal cantonal Cour de droit administratif et public 04.09.2025 AC.2023.0299"}], "Meta": [{"Sprachen": ["de"], "Text": "Waadt  Cour de droit administratif et public"}, {"Sprachen": ["fr"], "Text": "Vaud Tribunal cantonal Cour de droit administratif et public"}, {"Sprachen": ["it"], "Text": "Vaud  Cour de droit administratif et public"}], "Abstract": [{"Sprachen": ["de", "fr", "it"], "Text": "A.________/Direction g\u00e9n\u00e9rale du territoire et du logement, Municipalit\u00e9 de Rossini\u00e8re | En cas de demande d'indemnit\u00e9 pour expropriation mat\u00e9rielle \u00e0 la suite d'une r\u00e9vision du plan d'affectation (art. 5 al. 2 LAT), il faut examiner si la parcelle concern\u00e9e a fait l'objet d'un d\u00e9classement ou d'un refus de classement en zone \u00e0 b\u00e2tir (non-classement); en l'occurence, il s'agit d'un d\u00e9classement, lequel donne en principe lieu \u00e0 indemnit\u00e9. L'octroi d'une indemnit\u00e9 suppose que la propri\u00e9taire puisse se pr\u00e9valoir d'un tr\u00e8s probable usage pr\u00e9visible du bien-fonds pour la construction dans un proche avenir. Admission partielle du recours et renvoi de la cause \u00e0 la DGTL pour qu'elle d\u00e9termine si cette condition est r\u00e9alis\u00e9e, et, dans ce cas, qu'elle statue sur l'indemnit\u00e9. Cette solution correspond \u00e0 ce qui a \u00e9t\u00e9 prononc\u00e9 par la CDAP dans son arr\u00eat AC.2021.0370 du 16 mai 2023 (Ormont-Dessus, recours au TF pendant)."}], "ScrapyJob": "446973/40/2254", "Zeit UTC": "26.04.2026 01:30:00", "Checksum": "93e22edc998f89c2a5dc549c4ebae0ad"}