{"Signatur": "VD_TC_031", "Spider": "VD_Omni", "Sprache": "fr", "Datum": "2026-02-19", "HTML": {"Datei": "VD_Omni/VD_TC_031_AC-2025-0214_2026-02-19.html", "URL": "http://www.jurisprudence.vd.ch/scripts/nph-omniscgi.exe?OmnisPlatform=WINDOWS&WebServerUrl=&WebServerScript=/scripts/nph-omniscgi.exe&OmnisLibrary=JURISWEB&OmnisClass=rtFindinfoWebHtmlService&OmnisServer=7001&Parametername=WWW_V4&Schema=VD_TA_WEB&Source=search.fiw&Aufruf=getMarkupDocument&cSprache=FRE&nF30_KEY=186007&W10_KEY=10594047&nTrefferzeile=13&Template=search/standard/results/document.fiw", "Checksum": "15f8f8e458493ed6b4a772b85c440326"}, "Scrapedate": "2026-03-18", "Num": ["AC.2025.0214"], "Kopfzeile": [{"Sprachen": ["fr", "de", "it"], "Text": "Vaud Tribunal cantonal Cour de droit administratif et public 19.02.2026 AC.2025.0214"}], "Meta": [{"Sprachen": ["de"], "Text": "Waadt  Cour de droit administratif et public"}, {"Sprachen": ["fr"], "Text": "Vaud Tribunal cantonal Cour de droit administratif et public"}, {"Sprachen": ["it"], "Text": "Vaud  Cour de droit administratif et public"}], "Abstract": [{"Sprachen": ["de", "fr", "it"], "Text": "A.________/Conseil g\u00e9n\u00e9ral de Fiez, D\u00e9partement des finances, du territoire et du sport | R\u00e9vision du plan d'affectation communal (PACom) de Fiez.\rLe d\u00e9zonage de la parcelle du recourant, qui passe de zone d'habitation individuelle de faible densit\u00e9, villas, \u00e0 zone de verdure, est justifi\u00e9 au regard de l'importance du surdimensionnement de la zone \u00e0 b\u00e2tir de la commune. Le d\u00e9classement de la parcelle, y compris s'agissant du petit b\u00e2timent pr\u00e9existant, \u00e9chappe \u00e0 la critique eu \u00e9gard \u00e0 l'usage actuel et ne contrevient pas aux buts de d\u00e9veloppement de l'urbanisation vers l'int\u00e9rieur du b\u00e2ti et de cr\u00e9ation d'un milieu b\u00e2ti compact. La parcelle litigieuse forme en effet avec les surfaces attenantes un espace vert libre de construction entre les habitations existantes. Cet espace, d'une surface de 2'973 m2, est occup\u00e9 exclusivement par des jardins, des arbres et certains am\u00e9nagements paysagers. Par ailleurs, le d\u00e9classement litigieux r\u00e9pond aussi \u00e0 la n\u00e9cessit\u00e9 de prendre en compte les prescriptions de l'ISOS en permettant de sauvegarder la substance et la structure du village et de conserver des espaces non b\u00e2tis."}], "ScrapyJob": "446973/40/2254", "Zeit UTC": "26.04.2026 01:42:46", "Checksum": "ec83a9df2561aab7d4b7cb1fd3b1535b"}