{"Signatur": "VD_TC_031", "Spider": "VD_Omni", "Sprache": "fr", "Datum": "1995-10-30", "HTML": {"Datei": "VD_Omni/VD_TC_031_AF-1993-0008_1995-10-30.html", "URL": "http://www.jurisprudence.vd.ch/scripts/nph-omniscgi.exe?OmnisPlatform=WINDOWS&WebServerUrl=&WebServerScript=/scripts/nph-omniscgi.exe&OmnisLibrary=JURISWEB&OmnisClass=rtFindinfoWebHtmlService&OmnisServer=7001&Parametername=WWW_V4&Schema=VD_TA_WEB&Source=search.fiw&Aufruf=getMarkupDocument&cSprache=FRE&nF30_KEY=32631&W10_KEY=10550259&nTrefferzeile=46&Template=search/standard/results/document.fiw", "Checksum": "20419cc714c3182cddaaacb7c12769dc"}, "Scrapedate": "2023-01-01", "Num": ["AF.1993.0008"], "Kopfzeile": [{"Sprachen": ["fr", "de", "it"], "Text": "Vaud Tribunal cantonal Cour de droit administratif et public 30.10.1995 AF.1993.0008"}], "Meta": [{"Sprachen": ["de"], "Text": "Waadt  Cour de droit administratif et public"}, {"Sprachen": ["fr"], "Text": "Vaud Tribunal cantonal Cour de droit administratif et public"}, {"Sprachen": ["it"], "Text": "Vaud  Cour de droit administratif et public"}], "Abstract": [{"Sprachen": ["de", "fr", "it"], "Text": "SI Montenailles c/ccl du Syndicat AF du Mont-sur-Lausanne | Remaniement avec p\u00e9r\u00e9quation r\u00e9elle. La z\u00f4ne \u00e0 b\u00e2tir \u00e0 attribuer peut-elle consister en zone \u00e0 l\u00e9galiser par PPA ou PQ avec probable nouveau remaniement ? Question laiss\u00e9e ouverte. L'incertitude sur les possibilit\u00e9s de construire dans le PPA (CUS seul connu) emp\u00eache de toute mani\u00e8re en l'\u00e9tat la fixation d'une r\u00e9elle valeur de terrain \u00e0 b\u00e2tir. Annulation de l'enqu\u00eate sp\u00e9ciale sur les taxes-types du NE que la ccl voudrait d'ailleurs intangibles en violation de LAF-57."}], "ScrapyJob": "446973/40/2238", "Zeit UTC": "11.04.2026 04:38:42", "Checksum": "fa9acd6399d2b2ff87f10f7b490c2a33"}