{"Signatur": "VD_TC_031", "Spider": "VD_Omni", "Sprache": "fr", "Datum": "1996-04-30", "HTML": {"Datei": "VD_Omni/VD_TC_031_AF-1995-0037_1996-04-30.html", "URL": "http://www.jurisprudence.vd.ch/scripts/nph-omniscgi.exe?OmnisPlatform=WINDOWS&WebServerUrl=&WebServerScript=/scripts/nph-omniscgi.exe&OmnisLibrary=JURISWEB&OmnisClass=rtFindinfoWebHtmlService&OmnisServer=7001&Parametername=WWW_V4&Schema=VD_TA_WEB&Source=search.fiw&Aufruf=getMarkupDocument&cSprache=FRE&nF30_KEY=32681&W10_KEY=10550259&nTrefferzeile=25&Template=search/standard/results/document.fiw", "Checksum": "b2e0cc0760957da6adcccb198ae7916c"}, "Scrapedate": "2023-01-01", "Num": ["AF.1995.0037"], "Kopfzeile": [{"Sprachen": ["fr", "de", "it"], "Text": "Vaud Tribunal cantonal Cour de droit administratif et public 30.04.1996 AF.1995.0037"}], "Meta": [{"Sprachen": ["de"], "Text": "Waadt  Cour de droit administratif et public"}, {"Sprachen": ["fr"], "Text": "Vaud Tribunal cantonal Cour de droit administratif et public"}, {"Sprachen": ["it"], "Text": "Vaud  Cour de droit administratif et public"}], "Abstract": [{"Sprachen": ["de", "fr", "it"], "Text": "ANSERMET Pascal c/ccl du Syndicat AF de Ch\u00e9serex | Int\u00e9r\u00eat public au remaniement et \u00e0 la r\u00e9alisation des travaux collectifs l'emporte sur l'int\u00e9r\u00eat priv\u00e9 du propr. \u00e0 un meilleur regroupement des parcelles qui compose son domaine. Prop. n'a pas un droit acquis d'ailleurs, droit acquis conduirait \u00e0 des parcelles plus diss\u00e9min\u00e9es ou plus \u00e9loign\u00e9es encore du r\u00e9seau SANE!"}], "ScrapyJob": "446973/40/2238", "Zeit UTC": "11.04.2026 04:29:04", "Checksum": "e626de9a3f1d556dbe89cafec19ad3c3"}