{"Signatur": "VD_TC_031", "Spider": "VD_Omni", "Sprache": "fr", "Datum": "1997-06-18", "HTML": {"Datei": "VD_Omni/VD_TC_031_AF-1996-0010_1997-06-18.html", "URL": "http://www.jurisprudence.vd.ch/scripts/nph-omniscgi.exe?OmnisPlatform=WINDOWS&WebServerUrl=&WebServerScript=/scripts/nph-omniscgi.exe&OmnisLibrary=JURISWEB&OmnisClass=rtFindinfoWebHtmlService&OmnisServer=7001&Parametername=WWW_V4&Schema=VD_TA_WEB&Source=search.fiw&Aufruf=getMarkupDocument&cSprache=FRE&nF30_KEY=32687&W10_KEY=10550259&nTrefferzeile=30&Template=search/standard/results/document.fiw", "Checksum": "3800756d96a85ab14863e0ccd7d4a329"}, "Scrapedate": "2023-01-01", "Num": ["AF.1996.0010"], "Kopfzeile": [{"Sprachen": ["fr", "de", "it"], "Text": "Vaud Tribunal cantonal Cour de droit administratif et public 18.06.1997 AF.1996.0010"}], "Meta": [{"Sprachen": ["de"], "Text": "Waadt  Cour de droit administratif et public"}, {"Sprachen": ["fr"], "Text": "Vaud Tribunal cantonal Cour de droit administratif et public"}, {"Sprachen": ["it"], "Text": "Vaud  Cour de droit administratif et public"}], "Abstract": [{"Sprachen": ["de", "fr", "it"], "Text": "CRUCHET Emile c/ccl du Syndicat AF AR 29 de Grandson | La responsabilit\u00e9 du syndicat, dans le cadre de l'art. 47 LAF, peut-elle \u00eatre engag\u00e9e \u00e0 raison d'une omission, plus pr\u00e9cis\u00e9ment en l'occurrence sur le fait que la commission, apr\u00e8s avoir constat\u00e9 qu'un ouvrage - qui avait fait l'objet d'une r\u00e9ception provisoire - avait \u00e9t\u00e9 d\u00e9t\u00e9rior\u00e9 et ne fonctionnait pas, n'avait pris aucune mesure pour y rem\u00e9dier? Question laiss\u00e9e ouverte."}], "ScrapyJob": "446973/40/2238", "Zeit UTC": "11.04.2026 04:05:10", "Checksum": "9d5679bc71ad4ef58d8fe15dff4e3b4a"}