{"Signatur": "VD_TC_031", "Spider": "VD_Omni", "Sprache": "fr", "Datum": "1998-07-27", "HTML": {"Datei": "VD_Omni/VD_TC_031_AF-1996-0019_1998-07-27.html", "URL": "http://www.jurisprudence.vd.ch/scripts/nph-omniscgi.exe?OmnisPlatform=WINDOWS&WebServerUrl=&WebServerScript=/scripts/nph-omniscgi.exe&OmnisLibrary=JURISWEB&OmnisClass=rtFindinfoWebHtmlService&OmnisServer=7001&Parametername=WWW_V4&Schema=VD_TA_WEB&Source=search.fiw&Aufruf=getMarkupDocument&cSprache=FRE&nF30_KEY=32693&W10_KEY=10550259&nTrefferzeile=50&Template=search/standard/results/document.fiw", "Checksum": "3c45e7b3352d453aa125b9e3251eba72"}, "Scrapedate": "2023-01-01", "Num": ["AF.1996.0019"], "Kopfzeile": [{"Sprachen": ["fr", "de", "it"], "Text": "Vaud Tribunal cantonal Cour de droit administratif et public 27.07.1998 AF.1996.0019"}], "Meta": [{"Sprachen": ["de"], "Text": "Waadt  Cour de droit administratif et public"}, {"Sprachen": ["fr"], "Text": "Vaud Tribunal cantonal Cour de droit administratif et public"}, {"Sprachen": ["it"], "Text": "Vaud  Cour de droit administratif et public"}], "Abstract": [{"Sprachen": ["de", "fr", "it"], "Text": "JORDAN Georges c/ccl du SAF Les Combes-sous Charri\u00e8res | Dans le cadre d'un syndicat AF ayant pour but l'am\u00e9lioration et la cr\u00e9ation de chemins, un propri\u00e9taire ne peut pas se voir imposer un remodelage de sa parcelle non command\u00e9 par l'adoption du r\u00e9seau des chemins."}], "ScrapyJob": "446973/40/2238", "Zeit UTC": "11.04.2026 03:47:08", "Checksum": "f6b036f709855f49846c28dbfa9e9ec8"}