{"Signatur": "VD_TC_031", "Spider": "VD_Omni", "Sprache": "fr", "Datum": "2000-06-02", "HTML": {"Datei": "VD_Omni/VD_TC_031_AF-1999-0005_2000-06-02.html", "URL": "http://www.jurisprudence.vd.ch/scripts/nph-omniscgi.exe?OmnisPlatform=WINDOWS&WebServerUrl=&WebServerScript=/scripts/nph-omniscgi.exe&OmnisLibrary=JURISWEB&OmnisClass=rtFindinfoWebHtmlService&OmnisServer=7001&Parametername=WWW_V4&Schema=VD_TA_WEB&Source=search.fiw&Aufruf=getMarkupDocument&cSprache=FRE&nF30_KEY=32740&W10_KEY=10550259&nTrefferzeile=14&Template=search/standard/results/document.fiw", "Checksum": "c5cf54141d4ec545a4dd91dc3affacd8"}, "Scrapedate": "2023-01-01", "Num": ["AF.1999.0005"], "Kopfzeile": [{"Sprachen": ["fr", "de", "it"], "Text": "Vaud Tribunal cantonal Cour de droit administratif et public 02.06.2000 AF.1999.0005"}], "Meta": [{"Sprachen": ["de"], "Text": "Waadt  Cour de droit administratif et public"}, {"Sprachen": ["fr"], "Text": "Vaud Tribunal cantonal Cour de droit administratif et public"}, {"Sprachen": ["it"], "Text": "Vaud  Cour de droit administratif et public"}], "Abstract": [{"Sprachen": ["de", "fr", "it"], "Text": "SI Montenailles SA c/ccl du SAF du Mont-sur-Lausanne | L'art. 98d LAF (attribution en zone \u00e0 b\u00e2tir et en zone agricole) ne s'oppose pas \u00e0 ce que la commission de classification attribue du terrain dont la constructibilit\u00e9 est diff\u00e9r\u00e9e, comme c'est le cas pour les zones soumises \u00e0 plan partiel d'affectation ou \u00e0 plan de quartier selon le Plan des zones, qui n'y fixe que le CUS (nouveau remaniement \u00e0 p\u00e9r\u00e9quation n\u00e9cessaire). M\u00e9thode d'estimation (Naegeli, conforme \u00e0 art. 86 LAF), avec escompte en raison du temps n\u00e9cessaire \u00e0 l'adoption du PQ. (RECOURS ADMIS PAR LE TRIBUNAL F\u00c9D\u00c9RAL)."}], "ScrapyJob": "446973/40/2238", "Zeit UTC": "11.04.2026 03:23:04", "Checksum": "b19ac31cbd58882fc62435601e65bb64"}