{"Signatur": "VD_TC_031", "Spider": "VD_Omni", "Sprache": "fr", "Datum": "2003-05-14", "HTML": {"Datei": "VD_Omni/VD_TC_031_AF-2003-0002_2003-05-14.html", "URL": "http://www.jurisprudence.vd.ch/scripts/nph-omniscgi.exe?OmnisPlatform=WINDOWS&WebServerUrl=&WebServerScript=/scripts/nph-omniscgi.exe&OmnisLibrary=JURISWEB&OmnisClass=rtFindinfoWebHtmlService&OmnisServer=7001&Parametername=WWW_V4&Schema=VD_TA_WEB&Source=search.fiw&Aufruf=getMarkupDocument&cSprache=FRE&nF30_KEY=147663&W10_KEY=10550259&nTrefferzeile=31&Template=search/standard/results/document.fiw", "Checksum": "413d5f2f63b2c3588168bea9a8e15bb1"}, "Scrapedate": "2023-01-01", "Num": ["AF.2003.0002"], "Kopfzeile": [{"Sprachen": ["fr", "de", "it"], "Text": "Vaud Tribunal cantonal Cour de droit administratif et public 14.05.2003 AF.2003.0002"}], "Meta": [{"Sprachen": ["de"], "Text": "Waadt  Cour de droit administratif et public"}, {"Sprachen": ["fr"], "Text": "Vaud Tribunal cantonal Cour de droit administratif et public"}, {"Sprachen": ["it"], "Text": "Vaud  Cour de droit administratif et public"}], "Abstract": [{"Sprachen": ["de", "fr", "it"], "Text": "EHRAT Jean-Pierre c/ccl du Syndicat AF de Sugnens | Ne peut pr\u00e9tendre \u00eatre exclu du p\u00e9rim\u00e8tre d'un remaniement celui dont les parcelles sont diss\u00e9min\u00e9es et dont par cons\u00e9quent l'exploitation est susceptible d'\u00eatre am\u00e9lior\u00e9e par leur regroupement."}], "ScrapyJob": "446973/40/2238", "Zeit UTC": "11.04.2026 02:45:14", "Checksum": "497a60f10e6320d00c1fe3f04dd1ab18"}