{"Signatur": "VD_TC_031", "Spider": "VD_Omni", "Sprache": "fr", "Datum": "2016-10-24", "HTML": {"Datei": "VD_Omni/VD_TC_031_AF-2015-0001_2016-10-24.html", "URL": "http://www.jurisprudence.vd.ch/scripts/nph-omniscgi.exe?OmnisPlatform=WINDOWS&WebServerUrl=&WebServerScript=/scripts/nph-omniscgi.exe&OmnisLibrary=JURISWEB&OmnisClass=rtFindinfoWebHtmlService&OmnisServer=7001&Parametername=WWW_V4&Schema=VD_TA_WEB&Source=search.fiw&Aufruf=getMarkupDocument&cSprache=FRE&nF30_KEY=173834&W10_KEY=10550255&nTrefferzeile=25&Template=search/standard/results/document.fiw", "Checksum": "e9bd513b919d627508a1a966d4e0f8b0"}, "Scrapedate": "2023-01-01", "Num": ["AF.2015.0001"], "Kopfzeile": [{"Sprachen": ["fr", "de", "it"], "Text": "Vaud Tribunal cantonal Cour de droit administratif et public 24.10.2016 AF.2015.0001"}], "Meta": [{"Sprachen": ["de"], "Text": "Waadt  Cour de droit administratif et public"}, {"Sprachen": ["fr"], "Text": "Vaud Tribunal cantonal Cour de droit administratif et public"}, {"Sprachen": ["it"], "Text": "Vaud  Cour de droit administratif et public"}], "Abstract": [{"Sprachen": ["de", "fr", "it"], "Text": "PRATS ALVAREZ, ALVAREZ/ccl du Syndicat AF Le Mont-sur-Lausanne, ccl du Syndicat AF Le Mont-sur-Lausanne, Municipalit\u00e9 du Mont-sur-Lausanne, D\u00e9partement du territoire et de l\u2019environnement (DTE) | Le remaniement parcellaire avec p\u00e9r\u00e9quation r\u00e9elle, organis\u00e9 en corr\u00e9lation avec l'adoption d'une nouvelle zone \u00e0 b\u00e2tir, implique une double estimation des terres (avant et apr\u00e8s la nouvelle zone \u00e0 b\u00e2tir) et permet de r\u00e9partir entre tous les propri\u00e9taires la plus-value engendr\u00e9e par le passage d'une partie du p\u00e9rim\u00e8tre en zone \u00e0 b\u00e2tir. En droit vaudois, ce type de remaniement a \u00e9t\u00e9 consacr\u00e9 en 1976. Il ne doit pas son existence \u00e0 l'art. 5 LAT entr\u00e9 en vigueur en 1980, qui pr\u00e9conisait un r\u00e9gime de compensation des avantages et inconv\u00e9nients des mesures d'am\u00e9nagement. Il n'est pas incompatible avec la nouvelle teneur de l'art. 5 LAT entr\u00e9e en vigueur le 1er mai 2014, qui impose la pr\u00e9l\u00e8vement d'une taxe sur la plus-value r\u00e9sultant de ces mesures, car il n'est pas destin\u00e9 \u00e0 remplacer le pr\u00e9l\u00e8vement de cette taxe. La r\u00e9partition des frais du syndicat peut avoir pour effet de reporter sur les propri\u00e9taires l'entier des frais d'\u00e9quipement.\rRecours  au tribunal f\u00e9d\u00e9ral rejet\u00e9 (1C_554/2016 et 1C_555/2016 du 15 janvier 2018)."}], "ScrapyJob": "446973/40/2238", "Zeit UTC": "10.04.2026 22:19:28", "Checksum": "3951182206027501492decd7fba0e41e"}