{"Signatur": "VD_TC_031", "Spider": "VD_Omni", "Sprache": "fr", "Datum": "2021-07-01", "HTML": {"Datei": "VD_Omni/VD_TC_031_AF-2021-0001_2021-07-01.html", "URL": "http://www.jurisprudence.vd.ch/scripts/nph-omniscgi.exe?OmnisPlatform=WINDOWS&WebServerUrl=&WebServerScript=/scripts/nph-omniscgi.exe&OmnisLibrary=JURISWEB&OmnisClass=rtFindinfoWebHtmlService&OmnisServer=7001&Parametername=WWW_V4&Schema=VD_TA_WEB&Source=search.fiw&Aufruf=getMarkupDocument&cSprache=FRE&nF30_KEY=180500&W10_KEY=10550255&nTrefferzeile=39&Template=search/standard/results/document.fiw", "Checksum": "ccf3b7af06d9fe549ca501283e0dbc15"}, "Scrapedate": "2023-01-01", "Num": ["AF.2021.0001"], "Kopfzeile": [{"Sprachen": ["fr", "de", "it"], "Text": "Vaud Tribunal cantonal Cour de droit administratif et public 01.07.2021 AF.2021.0001"}], "Meta": [{"Sprachen": ["de"], "Text": "Waadt  Cour de droit administratif et public"}, {"Sprachen": ["fr"], "Text": "Vaud Tribunal cantonal Cour de droit administratif et public"}, {"Sprachen": ["it"], "Text": "Vaud  Cour de droit administratif et public"}], "Abstract": [{"Sprachen": ["de", "fr", "it"], "Text": "Syndicat d'am\u00e9liorations fonci\u00e8res des Monts-de-Pully/D\u00e9partement des institutions et du territoire | Rejet du recours dirig\u00e9 contre la d\u00e9cision du D\u00e9partement de dissoudre un SAF.\rLes conditions de dissolution sont remplies puisque, d'une part, le SAF ne peut plus atteindre ses buts en raison de l'entr\u00e9e en vigueur des modifications de la LAT du 1er mai 2014 et de la teneur actuelle du PDCn et que, d'autre part, les organes du recourant ne veulent pas proc\u00e9der \u00e0 sa liquidations (consid. 3).\rIl n'existe pas d'autres motifs qui devraient faire \u00e9chec \u00e0 cette dissolution, malgr\u00e9 le fait que les conditions l\u00e9gales en soient remplies. En particulier, la d\u00e9cision attaqu\u00e9e ne prive pas le recourant de la possibilit\u00e9 d'agir en justice pour faire valoir la cr\u00e9ance en responsabilit\u00e9 dont il estime disposer \u00e0 l'encontre de l'Etat, \u00e9tant pr\u00e9cis\u00e9 que cette question rel\u00e8ve de l'appr\u00e9ciation du juge civil. Les modalit\u00e9s de liquidation pr\u00e9vues par la d\u00e9cision sont en outre conformes aux dispositions l\u00e9gales pertinentes (consid. 4).\rEnfin, la d\u00e9cision attaqu\u00e9e n'est pas disproportionn\u00e9e (consid. 5).\rRecours au TF rejet\u00e9 (1C_494/2021 du 29 avril 2022)."}], "ScrapyJob": "446973/40/2238", "Zeit UTC": "10.04.2026 21:14:34", "Checksum": "86d0223d83f6207aa7032706418715f9"}