{"Signatur": "VD_TC_031", "Spider": "VD_Omni", "Sprache": "fr", "Datum": "2013-11-18", "HTML": {"Datei": "VD_Omni/VD_TC_031_BO-2013-0014_2013-11-18.html", "URL": "http://www.jurisprudence.vd.ch/scripts/nph-omniscgi.exe?OmnisPlatform=WINDOWS&WebServerUrl=&WebServerScript=/scripts/nph-omniscgi.exe&OmnisLibrary=JURISWEB&OmnisClass=rtFindinfoWebHtmlService&OmnisServer=7001&Parametername=WWW_V4&Schema=VD_TA_WEB&Source=search.fiw&Aufruf=getMarkupDocument&cSprache=FRE&nF30_KEY=169103&W10_KEY=10550255&nTrefferzeile=35&Template=search/standard/results/document.fiw", "Checksum": "5424f4797444a6110bf9b88badd7c6ef"}, "Scrapedate": "2023-01-01", "Num": ["BO.2013.0014"], "Kopfzeile": [{"Sprachen": ["fr", "de", "it"], "Text": "Vaud Tribunal cantonal Cour de droit administratif et public 18.11.2013 BO.2013.0014"}], "Meta": [{"Sprachen": ["de"], "Text": "Waadt  Cour de droit administratif et public"}, {"Sprachen": ["fr"], "Text": "Vaud Tribunal cantonal Cour de droit administratif et public"}, {"Sprachen": ["it"], "Text": "Vaud  Cour de droit administratif et public"}], "Abstract": [{"Sprachen": ["de", "fr", "it"], "Text": "X.________, Y.________ et Z.________/Office cantonal des bourses d'\u00e9tudes et d'apprentissage | Refus d'octroi d'une bourse d'\u00e9tudes au recourant, qui poursuit sa formation au sein d'une \u00e9cole priv\u00e9e de jazz situ\u00e9e \u00e0 Gen\u00e8ve, au motif qu'il n'a pas \u00e9t\u00e9 retenu, malgr\u00e9 son admissibilit\u00e9, pour suivre les cours de la Haute \u00e9cole de musique de Lausanne (HEMU, rattach\u00e9e \u00e0 la HES-SO). La formation que souhaite suivre le recourant est dispens\u00e9e au sein de la HES-SO, \u00e0 Lausanne. Le recourant ne d\u00e9montre pas le manque de place dans cet \u00e9tablissement de formation vaudois pour l'ann\u00e9e 2012/2013. L'\u00e9cole fr\u00e9quent\u00e9e par le recourant n'est en outre pas une \u00e9cole reconnue d'utilit\u00e9 publique au sens de l'art. 6 al. 1 ch. 1 LAEF, bien qu'elle permette d'obtenir un dipl\u00f4me b\u00e9n\u00e9ficiant d'une certaine reconnaissance dans le canton de Vaud. Le recourant ne d\u00e9montre en effet pas que la participation financi\u00e8re du canton de Gen\u00e8ve, destin\u00e9e prioritairement \u00e0 subventionner l'enseignement de base non professionnel, aurait pour effet de r\u00e9duire ses frais d'\u00e9colage. Pas de raisons imp\u00e9rieuses \u00e0 la fr\u00e9quentation de cet \u00e9tablissement priv\u00e9 de formation, en raison de l'impossibilit\u00e9 d'obtenir une place dans une \u00e9cole publique ou reconnue d'utilit\u00e9 publique. Recours rejet\u00e9."}], "ScrapyJob": "446973/40/2238", "Zeit UTC": "10.04.2026 23:13:22", "Checksum": "d1d1c1777408f4050425460a0095c085"}