{"Signatur": "VD_TC_031", "Spider": "VD_Omni", "Sprache": "fr", "Datum": "2021-07-20", "HTML": {"Datei": "VD_Omni/VD_TC_031_BO-2021-0002_2021-07-20.html", "URL": "http://www.jurisprudence.vd.ch/scripts/nph-omniscgi.exe?OmnisPlatform=WINDOWS&WebServerUrl=&WebServerScript=/scripts/nph-omniscgi.exe&OmnisLibrary=JURISWEB&OmnisClass=rtFindinfoWebHtmlService&OmnisServer=7001&Parametername=WWW_V4&Schema=VD_TA_WEB&Source=search.fiw&Aufruf=getMarkupDocument&cSprache=FRE&nF30_KEY=180573&W10_KEY=10550255&nTrefferzeile=25&Template=search/standard/results/document.fiw", "Checksum": "604c3fe606807a98a6be1ef2cc786579"}, "Scrapedate": "2023-01-01", "Num": ["BO.2021.0002"], "Kopfzeile": [{"Sprachen": ["fr", "de", "it"], "Text": "Vaud Tribunal cantonal Cour de droit administratif et public 20.07.2021 BO.2021.0002"}], "Meta": [{"Sprachen": ["de"], "Text": "Waadt  Cour de droit administratif et public"}, {"Sprachen": ["fr"], "Text": "Vaud Tribunal cantonal Cour de droit administratif et public"}, {"Sprachen": ["it"], "Text": "Vaud  Cour de droit administratif et public"}], "Abstract": [{"Sprachen": ["de", "fr", "it"], "Text": "A.________/Office cantonal des bourses d'\u00e9tudes et d'apprentissage | Bourse d'\u00e9tudes refus\u00e9e au motif que le recourant a d\u00e9j\u00e0 atteint la dur\u00e9e maximale absolue de dix ann\u00e9es de formation postobligatoire et qu'il ne remplit aucun des motifs de d\u00e9rogation pr\u00e9vus \u00e0 l'art. 18 al. 2 LAEF. Par ailleurs, le recourant ayant d\u00e9but\u00e9 sa formation aupr\u00e8s de la HEP du canton de Vaud en ao\u00fbt 2020, il ne peut se pr\u00e9valoir de l'art. 18 al. 1 bis LAEF, entr\u00e9 en vigueur le 1er mars 2021, qui pr\u00e9voit la possibilit\u00e9 de d\u00e9roger \u00e0 la dur\u00e9e totale de dix ann\u00e9es de formation postobligatoire afin de tenir compte des mesures prises au printemps 2020 par les institutions acad\u00e9miques en lien avec le COVID-19 sur la dur\u00e9e du parcours complet de l'\u00e9tudiant-e. Le grief de la violation de l'\u00e9galit\u00e9 de traitement n'est pas fond\u00e9 puisque la prise en compte des ann\u00e9es d'\u00e9tudes ind\u00e9pendamment des motifs pour lesquels l'\u00e9tudiant-e concern\u00e9-e n'effectue pas une ann\u00e9e de formation compl\u00e8te permet de mettre tous les requ\u00e9rants sur un pied d'\u00e9galit\u00e9. Enfin, le recourant n'ayant pas le statut d'ind\u00e9pendant au sens de l'art. 28 al. 1 LAEF, c'est \u00e0 juste titre que l'OCBE a refus\u00e9 de lui accorder un pr\u00eat d'\u00e9tudes. Recours rejet\u00e9."}], "ScrapyJob": "446973/40/2238", "Zeit UTC": "10.04.2026 21:14:26", "Checksum": "4a60eac23120373f167a9169fff05a73"}