{"Signatur": "VD_TC_031", "Spider": "VD_Omni", "Sprache": "fr", "Datum": "2012-02-06", "HTML": {"Datei": "VD_Omni/VD_TC_031_CCST-2011-0002_2012-02-06.html", "URL": "http://www.jurisprudence.vd.ch/scripts/nph-omniscgi.exe?OmnisPlatform=WINDOWS&WebServerUrl=&WebServerScript=/scripts/nph-omniscgi.exe&OmnisLibrary=JURISWEB&OmnisClass=rtFindinfoWebHtmlService&OmnisServer=7001&Parametername=WWW_V4&Schema=VD_TA_WEB&Source=search.fiw&Aufruf=getMarkupDocument&cSprache=FRE&nF30_KEY=166050&W10_KEY=10550255&nTrefferzeile=20&Template=search/standard/results/document.fiw", "Checksum": "e6fbce2a72d88ae0b472b1f17f72a9ac"}, "Scrapedate": "2023-01-01", "Num": ["CCST.2011.0002"], "Kopfzeile": [{"Sprachen": ["fr", "de", "it"], "Text": "Vaud Tribunal cantonal Cour de droit administratif et public 06.02.2012 CCST.2011.0002"}], "Meta": [{"Sprachen": ["de"], "Text": "Waadt  Cour de droit administratif et public"}, {"Sprachen": ["fr"], "Text": "Vaud Tribunal cantonal Cour de droit administratif et public"}, {"Sprachen": ["it"], "Text": "Vaud  Cour de droit administratif et public"}], "Abstract": [{"Sprachen": ["de", "fr", "it"], "Text": "R\u00e9sidence Gottaz Senior SA, R\u00e9sidence Le Pacific SA, PETIT-BOIS S.A., LE PARC S.A., AMSTEIN, BOLAY, CAPT, DEBLUE, FELLER, GROGNUZ, LABOUCHERE, MERCIER, MOUQUIN, NOVA VITA, PACHE, RAU, REICHEN, ROSTAN, SONNAY, SURER c/ Grand Conseil, Conseil d'Etat | A la suite de la r\u00e9vision de la LAMal, les cantons ont perdu une partie de leur marge de man\u0153uvre en ce qui concerne la prise en charge de leur part de financement des prestations de soins. Ils sont d\u00e9sormais tenus de participer au co\u00fbt des prestations d\u00e9finies par l'art. 25a LAMal, m\u00eame lorsque celles-ci sont fournies par des \u00e9tablissements priv\u00e9s. Le Grand Conseil a \u00e9dit\u00e9 des dispositions d'application qui soumettent \u00e0 un certain nombre de conditions la prise en charge impos\u00e9e par le droit f\u00e9d\u00e9ral, \u00e0 savoir:\r- recourir \u00e0 un prestataire de services informatiques agr\u00e9\u00e9 pour la gestion de son syst\u00e8me d'information;\r- appliquer les dispositions d'une convention collective de travail de force obligatoire existante ou \u00e0 d\u00e9faut les exigences pos\u00e9es par le Conseil d'Etat en mati\u00e8re de conditions d'engagement et de travail;\r- appliquer les r\u00e8gles relatives \u00e0 l'achat de biens et de services;\r- adh\u00e9rer au r\u00e9seau de soins r\u00e9gional conform\u00e9ment \u00e0 la l\u00e9gislation y relative;\r- appliquer un contrat d'h\u00e9bergement standard;\r- se soumettre \u00e0 la surveillance financi\u00e8re du canton;\r- fournir diverses informations statistiques, comptables et financi\u00e8res.\rLa requ\u00eate concluait \u00e0 l'annulation des dispositions pr\u00e9cit\u00e9es - en tant qu'elles concernaient des \u00e9tablissements priv\u00e9s non reconnus d'int\u00e9r\u00eat public mais figurant dans la planification cantonale - au motif qu'elles \u00e9taient sans lien avec la qualit\u00e9 et le caract\u00e8re \u00e9conomique des prestations de soins. Rejet de la requ\u00eate par la Cour constitutionnelle.\rRecours au Tribunal f\u00e9d\u00e9ral admis par arr\u00eat du 22 octobre 2012 (2C_219/2012)."}], "ScrapyJob": "446973/40/2238", "Zeit UTC": "10.04.2026 23:52:21", "Checksum": "2f61119b70ad92d40d089c347d1f14e8"}