{"Signatur": "VD_TC_031", "Spider": "VD_Omni", "Sprache": "fr", "Datum": "2017-04-25", "HTML": {"Datei": "VD_Omni/VD_TC_031_CCST-2017-0013_2017-04-25.html", "URL": "http://www.jurisprudence.vd.ch/scripts/nph-omniscgi.exe?OmnisPlatform=WINDOWS&WebServerUrl=&WebServerScript=/scripts/nph-omniscgi.exe&OmnisLibrary=JURISWEB&OmnisClass=rtFindinfoWebHtmlService&OmnisServer=7001&Parametername=WWW_V4&Schema=VD_TA_WEB&Source=search.fiw&Aufruf=getMarkupDocument&cSprache=FRE&nF30_KEY=174550&W10_KEY=10550255&nTrefferzeile=7&Template=search/standard/results/document.fiw", "Checksum": "260d13a4fc4a7476b1a73ccd613f7f2c"}, "Scrapedate": "2023-01-01", "Num": ["CCST.2017.0013"], "Kopfzeile": [{"Sprachen": ["fr", "de", "it"], "Text": "Vaud Tribunal cantonal Cour de droit administratif et public 25.04.2017 CCST.2017.0013"}], "Meta": [{"Sprachen": ["de"], "Text": "Waadt  Cour de droit administratif et public"}, {"Sprachen": ["fr"], "Text": "Vaud Tribunal cantonal Cour de droit administratif et public"}, {"Sprachen": ["it"], "Text": "Vaud  Cour de droit administratif et public"}], "Abstract": [{"Sprachen": ["de", "fr", "it"], "Text": "UDC district de Lausanne/Grand Conseil, Bureau \u00e9lectoral du sous-arrondissement de Romanel, Bureau \u00e9lectoral cantonal Service des communes et du logement | Elections au Grand Conseil. Liste sous la d\u00e9nomination \"Union d\u00e9mocratique du Centre - UDC\" d\u00e9pos\u00e9e dans le sous-arrondissement de Romanel-sur-Lausanne. Contestation de la validit\u00e9 de cette liste par l'ancienne section UDC Lausanne-district (exclue par le parti cantonal). C'est sans violer le droit, ni abuser de son pouvoir d'appr\u00e9ciation, que le bureau \u00e9lectoral a admis la liste litigieuse, sans demander de modification de d\u00e9nomination, d'acronyme ou de logo. En effet, la d\u00e9nomination de la liste d\u00e9pos\u00e9e, qui est manifestement soutenue par le parti cantonal, n'\u00e9tait pas trompeuse pour l'\u00e9lecteur, qui s'attend \u00e0 ce que la liste qui contient l'acronyme \"UDC\" se rapporte \u00e0 ce parti et \u00e0 son programme. En outre, contrairement \u00e0 ce que voudrait la recourante, il n'y a pas lieu d'examiner le bien-fond\u00e9 de son exclusion par le parti cantonal. Cette question rel\u00e8ve du droit civil et devra \u00eatre tranch\u00e9e par une juridiction civile. Par ailleurs, seule la nullit\u00e9 d'une d\u00e9cision d'une autorit\u00e9 \u00e9tatique pourrait \u00eatre constat\u00e9e par les autorit\u00e9s comp\u00e9tentes en mati\u00e8re de droits politiques et non celle comme en l'occurrence d'une d\u00e9cision prise par l'assembl\u00e9e g\u00e9n\u00e9rale d'une association. Recours rejet\u00e9."}], "ScrapyJob": "446973/40/2238", "Zeit UTC": "10.04.2026 22:21:16", "Checksum": "8064c99ad3d277b6bf659b5f70ba3554"}