{"Signatur": "VD_TC_031", "Spider": "VD_Omni", "Sprache": "fr", "Datum": "1996-03-14", "HTML": {"Datei": "VD_Omni/VD_TC_031_CP-1996-0001_1996-03-14.html", "URL": "http://www.jurisprudence.vd.ch/scripts/nph-omniscgi.exe?OmnisPlatform=WINDOWS&WebServerUrl=&WebServerScript=/scripts/nph-omniscgi.exe&OmnisLibrary=JURISWEB&OmnisClass=rtFindinfoWebHtmlService&OmnisServer=7001&Parametername=WWW_V4&Schema=VD_TA_WEB&Source=search.fiw&Aufruf=getMarkupDocument&cSprache=FRE&nF30_KEY=33779&W10_KEY=10550259&nTrefferzeile=8&Template=search/standard/results/document.fiw", "Checksum": "fafe0b57bebbf26996cf1e646d7cc058"}, "Scrapedate": "2023-01-01", "Num": ["CP.1996.0001"], "Kopfzeile": [{"Sprachen": ["fr", "de", "it"], "Text": "Vaud Tribunal cantonal Cour de droit administratif et public 14.03.1996 CP.1996.0001"}], "Meta": [{"Sprachen": ["de"], "Text": "Waadt  Cour de droit administratif et public"}, {"Sprachen": ["fr"], "Text": "Vaud Tribunal cantonal Cour de droit administratif et public"}, {"Sprachen": ["it"], "Text": "Vaud  Cour de droit administratif et public"}], "Abstract": [{"Sprachen": ["de", "fr", "it"], "Text": "MOUVEMENT POUR LA DEFENSE DE LAUSANNE c/ Jean-Claude DE HALLER AC 95/289 | Demande dirig\u00e9e \u00e0 l'encontre d'un juge qui a pris part, dans une pr\u00e9c\u00e9dente affaire, \u00e0 un arr\u00eat \u00e9cartant la qualit\u00e9 pour agir de l'association \u00e0 but id\u00e9al requ\u00e9rante; rejet."}], "ScrapyJob": "446973/40/2238", "Zeit UTC": "11.04.2026 04:31:40", "Checksum": "67c5d3c3d04c087b4a8af4b886fad809"}