{"Signatur": "VD_TC_031", "Spider": "VD_Omni", "Sprache": "fr", "Datum": "2002-03-15", "HTML": {"Datei": "VD_Omni/VD_TC_031_CR-2001-0255_2002-03-15.html", "URL": "http://www.jurisprudence.vd.ch/scripts/nph-omniscgi.exe?OmnisPlatform=WINDOWS&WebServerUrl=&WebServerScript=/scripts/nph-omniscgi.exe&OmnisLibrary=JURISWEB&OmnisClass=rtFindinfoWebHtmlService&OmnisServer=7001&Parametername=WWW_V4&Schema=VD_TA_WEB&Source=search.fiw&Aufruf=getMarkupDocument&cSprache=FRE&nF30_KEY=35976&W10_KEY=10550259&nTrefferzeile=8&Template=search/standard/results/document.fiw", "Checksum": "1dbda4cc4d078924f6858b266989845a"}, "Scrapedate": "2023-01-01", "Num": ["CR.2001.0255"], "Kopfzeile": [{"Sprachen": ["fr", "de", "it"], "Text": "Vaud Tribunal cantonal Cour de droit administratif et public 15.03.2002 CR.2001.0255"}], "Meta": [{"Sprachen": ["de"], "Text": "Waadt  Cour de droit administratif et public"}, {"Sprachen": ["fr"], "Text": "Vaud Tribunal cantonal Cour de droit administratif et public"}, {"Sprachen": ["it"], "Text": "Vaud  Cour de droit administratif et public"}], "Abstract": [{"Sprachen": ["de", "fr", "it"], "Text": "c/ SA | Un retrait du permis de 6 mois est ad\u00e9quat dans le cas d'un conducteur sans utilit\u00e9 professionnelle du permis qui commet un exc\u00e8s de vitesse de 84 km/h sur la route de la Broye, 4 ans apr\u00e8s un retrait de 2 mois pour exc\u00e8s de vitesse, compte tenu de la gravit\u00e9 de l' infraction commise et des ant\u00e9c\u00e9dents. Recours rejet\u00e9."}], "ScrapyJob": "446973/40/2238", "Zeit UTC": "11.04.2026 03:01:05", "Checksum": "0986ffee37b85e74558cdeeb972ba304"}