{"Signatur": "VD_TC_031", "Spider": "VD_Omni", "Sprache": "fr", "Datum": "2002-11-18", "HTML": {"Datei": "VD_Omni/VD_TC_031_CR-2002-0240_2002-11-18.html", "URL": "http://www.jurisprudence.vd.ch/scripts/nph-omniscgi.exe?OmnisPlatform=WINDOWS&WebServerUrl=&WebServerScript=/scripts/nph-omniscgi.exe&OmnisLibrary=JURISWEB&OmnisClass=rtFindinfoWebHtmlService&OmnisServer=7001&Parametername=WWW_V4&Schema=VD_TA_WEB&Source=search.fiw&Aufruf=getMarkupDocument&cSprache=FRE&nF30_KEY=145732&W10_KEY=10550259&nTrefferzeile=37&Template=search/standard/results/document.fiw", "Checksum": "1de19c7eedcadd15332114b1f58f8393"}, "Scrapedate": "2023-01-01", "Num": ["CR.2002.0240"], "Kopfzeile": [{"Sprachen": ["fr", "de", "it"], "Text": "Vaud Tribunal cantonal Cour de droit administratif et public 18.11.2002 CR.2002.0240"}], "Meta": [{"Sprachen": ["de"], "Text": "Waadt  Cour de droit administratif et public"}, {"Sprachen": ["fr"], "Text": "Vaud Tribunal cantonal Cour de droit administratif et public"}, {"Sprachen": ["it"], "Text": "Vaud  Cour de droit administratif et public"}], "Abstract": [{"Sprachen": ["de", "fr", "it"], "Text": "c/SA | La commission d'une faute de circulation par un conducteur \u00e2g\u00e9 (80 ans) ne justifie pas, en l'absence d'autres \u00e9l\u00e9ments, un retrait pr\u00e9ventif du permis et une course de contr\u00f4le. Idem CR 02/0198 du 01.11.02. Recours admis."}], "ScrapyJob": "446973/40/2238", "Zeit UTC": "11.04.2026 02:50:44", "Checksum": "1c7b5736a199b7cb31ef14a271169986"}