{"Signatur": "VD_TC_031", "Spider": "VD_Omni", "Sprache": "fr", "Datum": "2003-05-22", "HTML": {"Datei": "VD_Omni/VD_TC_031_CR-2003-0099_2003-05-22.html", "URL": "http://www.jurisprudence.vd.ch/scripts/nph-omniscgi.exe?OmnisPlatform=WINDOWS&WebServerUrl=&WebServerScript=/scripts/nph-omniscgi.exe&OmnisLibrary=JURISWEB&OmnisClass=rtFindinfoWebHtmlService&OmnisServer=7001&Parametername=WWW_V4&Schema=VD_TA_WEB&Source=search.fiw&Aufruf=getMarkupDocument&cSprache=FRE&nF30_KEY=147702&W10_KEY=10550259&nTrefferzeile=5&Template=search/standard/results/document.fiw", "Checksum": "2854f563903701ec4bd3a6fea5955704"}, "Scrapedate": "2023-01-01", "Num": ["CR.2003.0099"], "Kopfzeile": [{"Sprachen": ["fr", "de", "it"], "Text": "Vaud Tribunal cantonal Cour de droit administratif et public 22.05.2003 CR.2003.0099"}], "Meta": [{"Sprachen": ["de"], "Text": "Waadt  Cour de droit administratif et public"}, {"Sprachen": ["fr"], "Text": "Vaud Tribunal cantonal Cour de droit administratif et public"}, {"Sprachen": ["it"], "Text": "Vaud  Cour de droit administratif et public"}], "Abstract": [{"Sprachen": ["de", "fr", "it"], "Text": "c/SA | Recourant \u00e2g\u00e9 de 73 ans, emboutit des v\u00e9hicules parqu\u00e9s en raison de troubles (moments d'absence, \u00e9tat second, troubles de la m\u00e9moire) qui dureront plusieurs jours et conduiront \u00e0 une hospitalisation d'urgence. Retrait pr\u00e9ventif confirm\u00e9."}], "ScrapyJob": "446973/40/2238", "Zeit UTC": "11.04.2026 02:44:53", "Checksum": "0d8d287b54b5a055ff83619ba2889697"}