{"Signatur": "VD_TC_031", "Spider": "VD_Omni", "Sprache": "fr", "Datum": "2006-10-20", "HTML": {"Datei": "VD_Omni/VD_TC_031_CR-2005-0405_2006-10-20.html", "URL": "http://www.jurisprudence.vd.ch/scripts/nph-omniscgi.exe?OmnisPlatform=WINDOWS&WebServerUrl=&WebServerScript=/scripts/nph-omniscgi.exe&OmnisLibrary=JURISWEB&OmnisClass=rtFindinfoWebHtmlService&OmnisServer=7001&Parametername=WWW_V4&Schema=VD_TA_WEB&Source=search.fiw&Aufruf=getMarkupDocument&cSprache=FRE&nF30_KEY=156430&W10_KEY=10550259&nTrefferzeile=30&Template=search/standard/results/document.fiw", "Checksum": "11bf3fc8b96aea80479bdb3f2d37b795"}, "Scrapedate": "2023-01-01", "Num": ["CR.2005.0405"], "Kopfzeile": [{"Sprachen": ["fr", "de", "it"], "Text": "Vaud Tribunal cantonal Cour de droit administratif et public 20.10.2006 CR.2005.0405"}], "Meta": [{"Sprachen": ["de"], "Text": "Waadt  Cour de droit administratif et public"}, {"Sprachen": ["fr"], "Text": "Vaud Tribunal cantonal Cour de droit administratif et public"}, {"Sprachen": ["it"], "Text": "Vaud  Cour de droit administratif et public"}], "Abstract": [{"Sprachen": ["de", "fr", "it"], "Text": "X./ Service des automobiles et de la navigation | Il est erron\u00e9 de consid\u00e9rer que le d\u00e9placement du domicile au lieu de travail ne cr\u00e9e pas un besoin professionnel de conduire des v\u00e9hicules. Selon la jurisprudence (ATF 123 II 572), il y a une gradation dans la sensibilit\u00e9 du conducteur \u00e0 la mesure de retrait du permis de conduire et toute utilit\u00e9 professionnelle accrue du permis de conduire doit \u00eatre prise en compte dans le cadre de l'art. 33 al. 2 OAC (aujourd'hui remplac\u00e9 par l'art. 16 al. 3 LCR en vigueur depuis le 1er janvier 2005)."}], "ScrapyJob": "446973/40/2238", "Zeit UTC": "11.04.2026 01:46:52", "Checksum": "3abc9e49882930cbf68d2f5111c63102"}