{"Signatur": "VD_TC_031", "Spider": "VD_Omni", "Sprache": "fr", "Datum": "2007-05-21", "HTML": {"Datei": "VD_Omni/VD_TC_031_CR-2006-0302_2007-05-21.html", "URL": "http://www.jurisprudence.vd.ch/scripts/nph-omniscgi.exe?OmnisPlatform=WINDOWS&WebServerUrl=&WebServerScript=/scripts/nph-omniscgi.exe&OmnisLibrary=JURISWEB&OmnisClass=rtFindinfoWebHtmlService&OmnisServer=7001&Parametername=WWW_V4&Schema=VD_TA_WEB&Source=search.fiw&Aufruf=getMarkupDocument&cSprache=FRE&nF30_KEY=157851&W10_KEY=10550259&nTrefferzeile=17&Template=search/standard/results/document.fiw", "Checksum": "60b2e3e7b0616856da269129c571505d"}, "Scrapedate": "2023-01-01", "Num": ["CR.2006.0302"], "Kopfzeile": [{"Sprachen": ["fr", "de", "it"], "Text": "Vaud Tribunal cantonal Cour de droit administratif et public 21.05.2007 CR.2006.0302"}], "Meta": [{"Sprachen": ["de"], "Text": "Waadt  Cour de droit administratif et public"}, {"Sprachen": ["fr"], "Text": "Vaud Tribunal cantonal Cour de droit administratif et public"}, {"Sprachen": ["it"], "Text": "Vaud  Cour de droit administratif et public"}], "Abstract": [{"Sprachen": ["de", "fr", "it"], "Text": "X. /Service des automobiles et de la navigation | Commet une infraction l\u00e9g\u00e8re l'automobiliste qui conduit avec un taux d'alcool\u00e9mie de 0.77 gr. o/oo sans enfreindre d'autres r\u00e8gles de la circulation routi\u00e8re. Au vu des d\u00e9clarations cr\u00e9dibles du recourant sur l'heure de sa derni\u00e8re consommation (19h30 et non pas 18h30), le TA - qui a requis un nouveau calcul r\u00e9trospectif de l'\u00e9thanol\u00e9mie (\u00e0 19h30) - retient un taux de 0.77 gr. o/oo qui correspond au calcul \u00e9tabli sur la base d'une derni\u00e8re consommation \u00e0 19h30 (et non de 0.81 gr. o/oo admis par le SAN sur l'hypoth\u00e8se d'une derni\u00e8re consommation \u00e0 18h30). Sanction identique que l'on applique au r\u00e9cidiviste le nouveau droit r\u00e9vis\u00e9 ou l'ancien droit : retrait d'un mois au minimum. Compte tenu de la faute l\u00e9g\u00e8re commise par le recourant (et non pas grave comme l'a retenu le SAN), de la gravit\u00e9 de son ant\u00e9c\u00e9dent et de son besoin professionnel du permis de conduire, retrait de 13 mois ramen\u00e9 \u00e0 2 mois.\r\r\r\r\r\r"}], "ScrapyJob": "446973/40/2238", "Zeit UTC": "11.04.2026 01:33:58", "Checksum": "91512764bc8b0c9d3c6c2e1b6537ee31"}