{"Signatur": "VD_TC_031", "Spider": "VD_Omni", "Sprache": "fr", "Datum": "2007-06-04", "HTML": {"Datei": "VD_Omni/VD_TC_031_CR-2007-0044_2007-06-04.html", "URL": "http://www.jurisprudence.vd.ch/scripts/nph-omniscgi.exe?OmnisPlatform=WINDOWS&WebServerUrl=&WebServerScript=/scripts/nph-omniscgi.exe&OmnisLibrary=JURISWEB&OmnisClass=rtFindinfoWebHtmlService&OmnisServer=7001&Parametername=WWW_V4&Schema=VD_TA_WEB&Source=search.fiw&Aufruf=getMarkupDocument&cSprache=FRE&nF30_KEY=157939&W10_KEY=10550259&nTrefferzeile=2&Template=search/standard/results/document.fiw", "Checksum": "1edc6d2e57d70b496e7840f2495fe209"}, "Scrapedate": "2023-01-01", "Num": ["CR.2007.0044"], "Kopfzeile": [{"Sprachen": ["fr", "de", "it"], "Text": "Vaud Tribunal cantonal Cour de droit administratif et public 04.06.2007 CR.2007.0044"}], "Meta": [{"Sprachen": ["de"], "Text": "Waadt  Cour de droit administratif et public"}, {"Sprachen": ["fr"], "Text": "Vaud Tribunal cantonal Cour de droit administratif et public"}, {"Sprachen": ["it"], "Text": "Vaud  Cour de droit administratif et public"}], "Abstract": [{"Sprachen": ["de", "fr", "it"], "Text": "X. /Service des automobiles et de la navigation | Retrait de huit mois confirm\u00e9 \u00e0 l'encontre d'un conducteur sanctionn\u00e9 pour ivresse au volant, dix-sept mois apr\u00e8s un premier retrait de permis pour faute de gravit\u00e9 moyenne (exc\u00e8s de vitesse). L'utilit\u00e9 professionnelle relative du permis de conduire ne justifie pas un fractionnement de la mesure."}], "ScrapyJob": "446973/40/2238", "Zeit UTC": "11.04.2026 01:33:17", "Checksum": "57b9fe9a2fbb6856d19cf08f3ab358a4"}