{"Signatur": "VD_TC_031", "Spider": "VD_Omni", "Sprache": "fr", "Datum": "2010-09-27", "HTML": {"Datei": "VD_Omni/VD_TC_031_CR-2010-0023_2010-09-27.html", "URL": "http://www.jurisprudence.vd.ch/scripts/nph-omniscgi.exe?OmnisPlatform=WINDOWS&WebServerUrl=&WebServerScript=/scripts/nph-omniscgi.exe&OmnisLibrary=JURISWEB&OmnisClass=rtFindinfoWebHtmlService&OmnisServer=7001&Parametername=WWW_V4&Schema=VD_TA_WEB&Source=search.fiw&Aufruf=getMarkupDocument&cSprache=FRE&nF30_KEY=163823&W10_KEY=10550255&nTrefferzeile=17&Template=search/standard/results/document.fiw", "Checksum": "8a3c0d43c4afd83bf3ef8ff12bb192aa"}, "Scrapedate": "2023-01-01", "Num": ["CR.2010.0023"], "Kopfzeile": [{"Sprachen": ["fr", "de", "it"], "Text": "Vaud Tribunal cantonal Cour de droit administratif et public 27.09.2010 CR.2010.0023"}], "Meta": [{"Sprachen": ["de"], "Text": "Waadt  Cour de droit administratif et public"}, {"Sprachen": ["fr"], "Text": "Vaud Tribunal cantonal Cour de droit administratif et public"}, {"Sprachen": ["it"], "Text": "Vaud  Cour de droit administratif et public"}], "Abstract": [{"Sprachen": ["de", "fr", "it"], "Text": "X.________ c/Service des automobiles et de la navigation | Conductrice n\u00e9e en 1928. Son examen neuro-psychiatrique r\u00e9v\u00e8le une probable d\u00e9mence de la maladie d'Alzheimer d'\u00e9tiologie neurod\u00e9g\u00e9n\u00e9rative (d'autres composantes, vasculaires ou thymiques, n'\u00e9tant pas exclues), et conclut que l'int\u00e9ress\u00e9e devrait renoncer d\u00e9finitivement \u00e0 conduire, en raison notamment d'un trouble attentionnel, d'un ralentissement psychomoteur et de troubles instrumentaux. Ces constatations concordent avec les autres pi\u00e8ces m\u00e9dicales qui montrent, en outre, une absence de conscience morbide. Ainsi, il y a de grands risques que l'int\u00e9ress\u00e9e ne puisse porter l'attention qu'il convient au trafic, qu'elle ne puisse plus prendre de d\u00e9cision rapidement dans une situation difficile ou inhabituelle, et qu'elle mette en danger les autres usagers de la route. Consid\u00e9rant ces \u00e9l\u00e9ments, le SAN a constat\u00e9 \u00e0 juste titre qu'il existait un doute s\u00e9rieux quant \u00e0 l'aptitude \u00e0 conduire de la recourante et qu'il y avait urgence \u00e0 la retirer de la circulation routi\u00e8re, cela dans l'int\u00e9r\u00eat pr\u00e9pond\u00e9rant des autres usagers de la route. Retrait de s\u00e9curit\u00e9 confirm\u00e9."}], "ScrapyJob": "446973/40/2238", "Zeit UTC": "11.04.2026 00:22:49", "Checksum": "2c86faee553d675b8b03e4c0aeb3835a"}