{"Signatur": "VD_TC_031", "Spider": "VD_Omni", "Sprache": "fr", "Datum": "2013-04-18", "HTML": {"Datei": "VD_Omni/VD_TC_031_CR-2013-0007_2013-04-18.html", "URL": "http://www.jurisprudence.vd.ch/scripts/nph-omniscgi.exe?OmnisPlatform=WINDOWS&WebServerUrl=&WebServerScript=/scripts/nph-omniscgi.exe&OmnisLibrary=JURISWEB&OmnisClass=rtFindinfoWebHtmlService&OmnisServer=7001&Parametername=WWW_V4&Schema=VD_TA_WEB&Source=search.fiw&Aufruf=getMarkupDocument&cSprache=FRE&nF30_KEY=168102&W10_KEY=10550255&nTrefferzeile=49&Template=search/standard/results/document.fiw", "Checksum": "996cff4f6797a647b654626c1489d873"}, "Scrapedate": "2023-01-01", "Num": ["CR.2013.0007"], "Kopfzeile": [{"Sprachen": ["fr", "de", "it"], "Text": "Vaud Tribunal cantonal Cour de droit administratif et public 18.04.2013 CR.2013.0007"}], "Meta": [{"Sprachen": ["de"], "Text": "Waadt  Cour de droit administratif et public"}, {"Sprachen": ["fr"], "Text": "Vaud Tribunal cantonal Cour de droit administratif et public"}, {"Sprachen": ["it"], "Text": "Vaud  Cour de droit administratif et public"}], "Abstract": [{"Sprachen": ["de", "fr", "it"], "Text": "X.________/Service des automobiles et de la navigation | D\u00e9cision pronon\u00e7ant le retrait du permis de conduire pour une dur\u00e9e de 12 mois compte tenu d'un ant\u00e9c\u00e9dent pour cas grave suite \u00e0 un d\u00e9passement de vitesse de 25 km/h en localit\u00e9 confirm\u00e9e. L'hypoth\u00e8se d'un licenciement, d'une \u00e9ventuelle p\u00e9riode de ch\u00f4mage et des difficult\u00e9s que le recourant, \u00e2g\u00e9 de 58 ans, rencontrerait pour retrouver un emploi, respectivement les difficult\u00e9s financi\u00e8res que pourrait engendrer un retrait du permis de conduire ne sont pas des \u00e9l\u00e9ments qui permettent de s'\u00e9carter de la dur\u00e9e de retrait minimale pr\u00e9vue par la loi."}], "ScrapyJob": "446973/40/2238", "Zeit UTC": "10.04.2026 23:24:22", "Checksum": "27defbac749259bf0768a5ce41f3c326"}