{"Signatur": "VD_TC_031", "Spider": "VD_Omni", "Sprache": "fr", "Datum": "2014-06-16", "HTML": {"Datei": "VD_Omni/VD_TC_031_CR-2014-0004_2014-06-16.html", "URL": "http://www.jurisprudence.vd.ch/scripts/nph-omniscgi.exe?OmnisPlatform=WINDOWS&WebServerUrl=&WebServerScript=/scripts/nph-omniscgi.exe&OmnisLibrary=JURISWEB&OmnisClass=rtFindinfoWebHtmlService&OmnisServer=7001&Parametername=WWW_V4&Schema=VD_TA_WEB&Source=search.fiw&Aufruf=getMarkupDocument&cSprache=FRE&nF30_KEY=170065&W10_KEY=10550255&nTrefferzeile=4&Template=search/standard/results/document.fiw", "Checksum": "df905e148a16abfc11f264707f8d0285"}, "Scrapedate": "2023-01-01", "Num": ["CR.2014.0004"], "Kopfzeile": [{"Sprachen": ["fr", "de", "it"], "Text": "Vaud Tribunal cantonal Cour de droit administratif et public 16.06.2014 CR.2014.0004"}], "Meta": [{"Sprachen": ["de"], "Text": "Waadt  Cour de droit administratif et public"}, {"Sprachen": ["fr"], "Text": "Vaud Tribunal cantonal Cour de droit administratif et public"}, {"Sprachen": ["it"], "Text": "Vaud  Cour de droit administratif et public"}], "Abstract": [{"Sprachen": ["de", "fr", "it"], "Text": "X.________/Service des automobiles et de la navigation | Retrait d'admonestation; distance insuffisante du v\u00e9hicule pr\u00e9c\u00e9dent; casuistique (faute grave, faute moyennement grave, faute en tout cas moyennement grave). En l'esp\u00e8ce, l'autorit\u00e9 administrative est li\u00e9e par les faits retenus par l'ordonnance p\u00e9nale: lorsque celle-ci a \u00e9t\u00e9 rendue, le recourant avait re\u00e7u l'avis du SAN l'avertissant que ce service envisageait de prononcer un retrait de permis. En circulant \u00e0 80 km/h \u00e0 moins de 5 m du v\u00e9hicule pr\u00e9c\u00e9dent, sur un tron\u00e7on de quelque 600 m, dans une zone de travaux impliquant des voies de circulation r\u00e9duites, le recourant a commis une infraction grave (c. 3). Quelques ann\u00e9es auparavant, le recourant avait certes subi un retrait pr\u00e9ventif de permis de huit mois alors que le retrait d'admonestation finalement inflig\u00e9 \u00e9tait de trois mois. Cela ne signifie toutefois pas que les cinq mois suppl\u00e9mentaires, r\u00e9sultant d'une d\u00e9cision de retrait pr\u00e9ventif entr\u00e9e en force, doivent \u00eatre consid\u00e9r\u00e9s comme un cr\u00e9dit \u00e0 faire valoir sur une future infraction (c. 4). Renonciation \u00e0 une reformatio in pejus (c. 5)."}], "ScrapyJob": "446973/40/2238", "Zeit UTC": "10.04.2026 23:06:41", "Checksum": "2d230ea60e3dbff2615f715e194e2e16"}