{"Signatur": "VD_TC_031", "Spider": "VD_Omni", "Sprache": "fr", "Datum": "2016-10-04", "HTML": {"Datei": "VD_Omni/VD_TC_031_CR-2016-0045_2016-10-04.html", "URL": "http://www.jurisprudence.vd.ch/scripts/nph-omniscgi.exe?OmnisPlatform=WINDOWS&WebServerUrl=&WebServerScript=/scripts/nph-omniscgi.exe&OmnisLibrary=JURISWEB&OmnisClass=rtFindinfoWebHtmlService&OmnisServer=7001&Parametername=WWW_V4&Schema=VD_TA_WEB&Source=search.fiw&Aufruf=getMarkupDocument&cSprache=FRE&nF30_KEY=173753&W10_KEY=10550255&nTrefferzeile=45&Template=search/standard/results/document.fiw", "Checksum": "3c0b7f6f606fb6201d31cbfcf4ce00f0"}, "Scrapedate": "2023-01-01", "Num": ["CR.2016.0045"], "Kopfzeile": [{"Sprachen": ["fr", "de", "it"], "Text": "Vaud Tribunal cantonal Cour de droit administratif et public 04.10.2016 CR.2016.0045"}], "Meta": [{"Sprachen": ["de"], "Text": "Waadt  Cour de droit administratif et public"}, {"Sprachen": ["fr"], "Text": "Vaud Tribunal cantonal Cour de droit administratif et public"}, {"Sprachen": ["it"], "Text": "Vaud  Cour de droit administratif et public"}], "Abstract": [{"Sprachen": ["de", "fr", "it"], "Text": "A.________/Service des automobiles et de la navigation | Retrait \u00e0 titre pr\u00e9ventif du permis de conduire prononc\u00e9 \u00e0 l'encontre du recourant compte tenu de doutes quant \u00e0 son aptitude \u00e0 la conduite, en lien avec sa consommation d'alcool, apr\u00e8s un premier retrait \u00e0 titre pr\u00e9ventif prononc\u00e9 pour les m\u00eames motifs un peu plus d'une ann\u00e9e avant le second retrait et confirm\u00e9 sur recours par arr\u00eat du 1er juillet 2015 (CR.2015.0031). La situation du recourant comporte des indices suffisants pour que se pose la question de son aptitude \u00e0 la conduite. En regard de l'int\u00e9r\u00eat public li\u00e9 \u00e0 la s\u00e9curit\u00e9 routi\u00e8re, largement pr\u00e9pond\u00e9rant, l'atteinte \u00e0 l'int\u00e9r\u00eat priv\u00e9 du recourant, li\u00e9 notamment au besoin professionnel de son permis de conduire et au fait qu'il habiterait un village recul\u00e9, appara\u00eet faible et reste encore, par voie de cons\u00e9quence, proportionn\u00e9e. Recours rejet\u00e9.\rRecours au Tribunal f\u00e9d\u00e9ral rejet\u00e9 dans la mesure o\u00f9 il est recevable (arr\u00eat 1C_514/2016 du 16 janvier 2017)."}], "ScrapyJob": "446973/40/2238", "Zeit UTC": "10.04.2026 22:19:35", "Checksum": "0e59aaee915be0cc0af02428e4eb75f6"}