{"Signatur": "VD_TC_031", "Spider": "VD_Omni", "Sprache": "fr", "Datum": "2018-01-05", "HTML": {"Datei": "VD_Omni/VD_TC_031_CR-2017-0028_2018-01-05.html", "URL": "http://www.jurisprudence.vd.ch/scripts/nph-omniscgi.exe?OmnisPlatform=WINDOWS&WebServerUrl=&WebServerScript=/scripts/nph-omniscgi.exe&OmnisLibrary=JURISWEB&OmnisClass=rtFindinfoWebHtmlService&OmnisServer=7001&Parametername=WWW_V4&Schema=VD_TA_WEB&Source=search.fiw&Aufruf=getMarkupDocument&cSprache=FRE&nF30_KEY=175469&W10_KEY=10550255&nTrefferzeile=47&Template=search/standard/results/document.fiw", "Checksum": "9029cc051360049eb8ffa129f005fba4"}, "Scrapedate": "2023-01-01", "Num": ["CR.2017.0028"], "Kopfzeile": [{"Sprachen": ["fr", "de", "it"], "Text": "Vaud Tribunal cantonal Cour de droit administratif et public 05.01.2018 CR.2017.0028"}], "Meta": [{"Sprachen": ["de"], "Text": "Waadt  Cour de droit administratif et public"}, {"Sprachen": ["fr"], "Text": "Vaud Tribunal cantonal Cour de droit administratif et public"}, {"Sprachen": ["it"], "Text": "Vaud  Cour de droit administratif et public"}], "Abstract": [{"Sprachen": ["de", "fr", "it"], "Text": "A.________/Service des automobiles et de la navigation | Rejet du recours et confirmation de la d\u00e9cision par laquelle le Service des automobiles et de la navigation a retir\u00e9 au recourant le permis de circulation collectif et les plaques professionnelles dont il \u00e9tait titulaire. Retrait prononc\u00e9 \u00e0 juste titre \u00e9tant donn\u00e9 que le recourant a pr\u00e9sent\u00e9 \u00e0 de nombreuses reprises des v\u00e9hicules mal pr\u00e9par\u00e9s \u00e0 l'inspection technique, lesquels pr\u00e9sentaient des d\u00e9fectuosit\u00e9s importantes, parfois apr\u00e8s plusieurs contr\u00f4les, et qu'il n'a pas modifi\u00e9 son comportement malgr\u00e9 trois avertissements. Pas de violation de la libert\u00e9 \u00e9conomique en l'esp\u00e8ce."}], "ScrapyJob": "446973/40/2238", "Zeit UTC": "10.04.2026 22:03:03", "Checksum": "d4281b5f773f59926fc26e5aa46f7d01"}