{"Signatur": "VD_TC_031", "Spider": "VD_Omni", "Sprache": "fr", "Datum": "2020-08-12", "HTML": {"Datei": "VD_Omni/VD_TC_031_CR-2020-0016_2020-08-12.html", "URL": "http://www.jurisprudence.vd.ch/scripts/nph-omniscgi.exe?OmnisPlatform=WINDOWS&WebServerUrl=&WebServerScript=/scripts/nph-omniscgi.exe&OmnisLibrary=JURISWEB&OmnisClass=rtFindinfoWebHtmlService&OmnisServer=7001&Parametername=WWW_V4&Schema=VD_TA_WEB&Source=search.fiw&Aufruf=getMarkupDocument&cSprache=FRE&nF30_KEY=179375&W10_KEY=10550255&nTrefferzeile=3&Template=search/standard/results/document.fiw", "Checksum": "6dc6252e13e2df42b734068f2d4712b8"}, "Scrapedate": "2023-01-01", "Num": ["CR.2020.0016"], "Kopfzeile": [{"Sprachen": ["fr", "de", "it"], "Text": "Vaud Tribunal cantonal Cour de droit administratif et public 12.08.2020 CR.2020.0016"}], "Meta": [{"Sprachen": ["de"], "Text": "Waadt  Cour de droit administratif et public"}, {"Sprachen": ["fr"], "Text": "Vaud Tribunal cantonal Cour de droit administratif et public"}, {"Sprachen": ["it"], "Text": "Vaud  Cour de droit administratif et public"}], "Abstract": [{"Sprachen": ["de", "fr", "it"], "Text": "A.________/Service des automobiles et de la navigation | Conduite en \u00e9tat d'\u00e9bri\u00e9t\u00e9 qualifi\u00e9e (0,62 mg/l \u00e0 l'\u00e9thylom\u00e8tre). Faute commise qualifi\u00e9e de grave. Retrait de permis d'une dur\u00e9e de 3 mois, correspondant au minimum l\u00e9gal selon art. 16c al. 2 let. a LCR. Le besoin professionnel invoqu\u00e9 par le recourant et le risque de licenciement qu'un retrait lui ferait encourir ne sont pas d\u00e9terminants en l'esp\u00e8ce,car ces circonstances ne permettent pas une r\u00e9duction de la mesure en dessous du minimum l\u00e9gal (dur\u00e9es minimales de retrait incompressibles selon art. 16 al. 3 LCR). Recours rejet\u00e9."}], "ScrapyJob": "446973/40/2238", "Zeit UTC": "10.04.2026 21:25:48", "Checksum": "38c07eb21fee3f77e86fefe2f7a2606d"}